{"id":10483,"date":"2026-09-04T08:51:36","date_gmt":"2026-09-04T11:51:36","guid":{"rendered":"https:\/\/www.ufsm.br\/unidades-universitarias\/palmeira-das-missoes\/?p=10483"},"modified":"2026-09-04T08:53:31","modified_gmt":"2026-09-04T11:53:31","slug":"ufsm-pm-participa-da-mostra-cientifica-municipal-2026","status":"publish","type":"post","link":"https:\/\/www.ufsm.br\/unidades-universitarias\/palmeira-das-missoes\/2026\/09\/04\/ufsm-pm-participa-da-mostra-cientifica-municipal-2026","title":{"rendered":"UFSM-PM participa da Mostra Cient\u00edfica Municipal 2026"},"content":{"rendered":"<div class=\"wp-block-image\">\n<figure class=\"aligncenter size-large is-resized\"><img fetchpriority=\"high\" decoding=\"async\" width=\"1024\" height=\"550\" src=\"https:\/\/www.ufsm.br\/app\/uploads\/sites\/378\/2026\/09\/WhatsApp-Image-2026-09-03-at-16.41.30-2-1024x550.jpeg\" alt=\"\" class=\"wp-image-10484\" style=\"aspect-ratio:1.8626358102381013;width:788px;height:auto\" srcset=\"https:\/\/www.ufsm.br\/app\/uploads\/sites\/378\/2026\/09\/WhatsApp-Image-2026-09-03-at-16.41.30-2-1024x550.jpeg 1024w, https:\/\/www.ufsm.br\/app\/uploads\/sites\/378\/2026\/09\/WhatsApp-Image-2026-09-03-at-16.41.30-2-300x161.jpeg 300w, https:\/\/www.ufsm.br\/app\/uploads\/sites\/378\/2026\/09\/WhatsApp-Image-2026-09-03-at-16.41.30-2-768x412.jpeg 768w, https:\/\/www.ufsm.br\/app\/uploads\/sites\/378\/2026\/09\/WhatsApp-Image-2026-09-03-at-16.41.30-2-1536x825.jpeg 1536w, https:\/\/www.ufsm.br\/app\/uploads\/sites\/378\/2026\/09\/WhatsApp-Image-2026-09-03-at-16.41.30-2.jpeg 1600w\" sizes=\"(max-width: 1024px) 100vw, 1024px\" \/><\/figure>\n<\/div>\n\n\n<p><span style=\"font-weight: 400\">A Universidade Federal de Santa Maria \u2013 <\/span><i><span style=\"font-weight: 400\">Campus<\/span><\/i><span style=\"font-weight: 400\"> Palmeira das Miss\u00f5es (UFSM-PM) participou, nesta quinta-feira (3), da <\/span><b>Mostra Cient\u00edfica Municipal 2026<\/b><span style=\"font-weight: 400\">, realizada no Parque de Exposi\u00e7\u00f5es Tealmo Jos\u00e9 Schardong, em Palmeira das Miss\u00f5es. Promovido pela Secretaria Municipal de Educa\u00e7\u00e3o, o evento teve como tema \u201cSustentabilidade\u201d e abordou os eixos sa\u00fade coletiva e ambiental, recursos naturais e sustentabilidade ambiental.<\/span><\/p>\n<p><span style=\"font-weight: 400\">A participa\u00e7\u00e3o da UFSM-PM ocorreu por meio do Programa Institucional de Bolsa de Inicia\u00e7\u00e3o \u00e0 Doc\u00eancia (PIBID), vinculado \u00e0 Coordena\u00e7\u00e3o de Aperfei\u00e7oamento de Pessoal de N\u00edvel Superior (CAPES) e coordenado pela professora Andr\u00e9a In\u00eas Goldschmidt. Entre os objetivos do programa est\u00e1 a aproxima\u00e7\u00e3o dos licenciandos com a realidade da educa\u00e7\u00e3o b\u00e1sica, contribuindo para o aprimoramento da forma\u00e7\u00e3o docente.<\/span><\/p>\n<p><span style=\"font-weight: 400\">Sendo assim, durante a Mostra, 14 acad\u00eamicos do curso de Ci\u00eancias Biol\u00f3gicas da UFSM-PM, acompanhados por dois professores e uma t\u00e9cnica administrativa, atuaram como avaliadores dos trabalhos apresentados pelos estudantes. Para a coordenadora do PIBID, a experi\u00eancia contribui diretamente para a forma\u00e7\u00e3o dos futuros professores. \u201cA participa\u00e7\u00e3o dos pibidianos em uma mostra cient\u00edfica como avaliadores constitui uma importante experi\u00eancia formativa, pois amplia sua compreens\u00e3o sobre os processos de avalia\u00e7\u00e3o, desenvolve o olhar cr\u00edtico e cient\u00edfico, fortalece a capacidade de an\u00e1lise e argumenta\u00e7\u00e3o e, sobretudo, aproxima os futuros professores de situa\u00e7\u00f5es reais do cotidiano educacional\u201d, destacou Andr\u00e9a.\u00a0<\/span><\/p>\n<p><span style=\"font-weight: 400\">Outro destaque da participa\u00e7\u00e3o da UFSM-PM na Mostra foi a ocupa\u00e7\u00e3o de um espa\u00e7o de apresenta\u00e7\u00e3o, onde foram compartilhadas atividades desenvolvidas na \u00e1rea de Ci\u00eancias em parceria com professores e estudantes de escolas participantes do PIBID: Escola Estadual de Ensino M\u00e9dio Venina Palma, Instituto Estadual de Educa\u00e7\u00e3o Borges do Canto e Escola Estadual de Educa\u00e7\u00e3o B\u00e1sica Palmeira das Miss\u00f5es (Polivalente). Entre as a\u00e7\u00f5es apresentadas esteve a produ\u00e7\u00e3o de materiais did\u00e1ticos desenvolvidos pelos acad\u00eamicos e destinados aos laborat\u00f3rios de Ci\u00eancias das escolas parceiras. Os recursos t\u00eam como objetivo contribuir para que conte\u00fados cient\u00edficos complexos sejam apresentados de forma mais concreta, visual e acess\u00edvel aos estudantes, reduzindo seu car\u00e1ter abstrato.<\/span><\/p>\n<p><span style=\"font-weight: 400\">Os materiais produzidos permanecem nas institui\u00e7\u00f5es de ensino e contribuem para tornar os laborat\u00f3rios espa\u00e7os mais atrativos e pedagogicamente equipados. Para os licenciandos, o processo de cria\u00e7\u00e3o, elabora\u00e7\u00e3o e apresenta\u00e7\u00e3o dos recursos tamb\u00e9m representa uma oportunidade de desenvolver compet\u00eancias relacionadas ao planejamento, \u00e0 criatividade, \u00e0 comunica\u00e7\u00e3o cient\u00edfica e \u00e0 pr\u00e1tica docente.<\/span><\/p>\n<p><span style=\"font-weight: 400\">A participa\u00e7\u00e3o na Mostra Cient\u00edfica Municipal refor\u00e7a, assim, a integra\u00e7\u00e3o entre a universidade e a educa\u00e7\u00e3o b\u00e1sica e evidencia o papel do PIBID na forma\u00e7\u00e3o de professores e na aproxima\u00e7\u00e3o entre a produ\u00e7\u00e3o acad\u00eamica e o cotidiano das escolas.<\/span><\/p>\n<p>\u00a0<\/p>\n<p><em>Divis\u00e3o de Divulga\u00e7\u00e3o Institucional UFSM-PM<\/em><\/p>\n<p>\u00a0<\/p>\n\n\n\n<figure class=\"wp-block-gallery has-nested-images columns-default is-cropped wp-block-gallery-1 is-layout-flex wp-block-gallery-is-layout-flex\">\n<figure class=\"wp-block-image size-large\"><img decoding=\"async\" width=\"582\" height=\"1024\" data-id=\"10488\" src=\"https:\/\/www.ufsm.br\/app\/uploads\/sites\/378\/2026\/09\/WhatsApp-Image-2026-09-03-at-16.41.33-1-582x1024.jpeg\" alt=\"\" class=\"wp-image-10488\" srcset=\"https:\/\/www.ufsm.br\/app\/uploads\/sites\/378\/2026\/09\/WhatsApp-Image-2026-09-03-at-16.41.33-1-582x1024.jpeg 582w, https:\/\/www.ufsm.br\/app\/uploads\/sites\/378\/2026\/09\/WhatsApp-Image-2026-09-03-at-16.41.33-1-170x300.jpeg 170w, https:\/\/www.ufsm.br\/app\/uploads\/sites\/378\/2026\/09\/WhatsApp-Image-2026-09-03-at-16.41.33-1.jpeg 700w\" sizes=\"(max-width: 582px) 100vw, 582px\" \/><\/figure>\n\n\n\n<figure class=\"wp-block-image size-large\"><img decoding=\"async\" width=\"576\" height=\"1024\" data-id=\"10486\" src=\"https:\/\/www.ufsm.br\/app\/uploads\/sites\/378\/2026\/09\/WhatsApp-Image-2026-09-03-at-16.41.31-576x1024.jpeg\" alt=\"\" class=\"wp-image-10486\" srcset=\"https:\/\/www.ufsm.br\/app\/uploads\/sites\/378\/2026\/09\/WhatsApp-Image-2026-09-03-at-16.41.31-576x1024.jpeg 576w, https:\/\/www.ufsm.br\/app\/uploads\/sites\/378\/2026\/09\/WhatsApp-Image-2026-09-03-at-16.41.31-169x300.jpeg 169w, https:\/\/www.ufsm.br\/app\/uploads\/sites\/378\/2026\/09\/WhatsApp-Image-2026-09-03-at-16.41.31-768x1365.jpeg 768w, https:\/\/www.ufsm.br\/app\/uploads\/sites\/378\/2026\/09\/WhatsApp-Image-2026-09-03-at-16.41.31-864x1536.jpeg 864w, https:\/\/www.ufsm.br\/app\/uploads\/sites\/378\/2026\/09\/WhatsApp-Image-2026-09-03-at-16.41.31.jpeg 900w\" sizes=\"(max-width: 576px) 100vw, 576px\" \/><\/figure>\n<\/figure>\n\n\n\n\n<div class=\"wp-block-image\">\n<figure class=\"aligncenter size-large is-resized\"><img loading=\"lazy\" decoding=\"async\" width=\"1024\" height=\"769\" src=\"https:\/\/www.ufsm.br\/app\/uploads\/sites\/378\/2026\/09\/WhatsApp-Image-2026-09-03-at-16.42.31-1024x769.jpeg\" alt=\"\" class=\"wp-image-10487\" style=\"aspect-ratio:1.3322433082872522;width:731px;height:auto\" srcset=\"https:\/\/www.ufsm.br\/app\/uploads\/sites\/378\/2026\/09\/WhatsApp-Image-2026-09-03-at-16.42.31-1024x769.jpeg 1024w, https:\/\/www.ufsm.br\/app\/uploads\/sites\/378\/2026\/09\/WhatsApp-Image-2026-09-03-at-16.42.31-300x225.jpeg 300w, https:\/\/www.ufsm.br\/app\/uploads\/sites\/378\/2026\/09\/WhatsApp-Image-2026-09-03-at-16.42.31-768x576.jpeg 768w, https:\/\/www.ufsm.br\/app\/uploads\/sites\/378\/2026\/09\/WhatsApp-Image-2026-09-03-at-16.42.31-1536x1153.jpeg 1536w, https:\/\/www.ufsm.br\/app\/uploads\/sites\/378\/2026\/09\/WhatsApp-Image-2026-09-03-at-16.42.31.jpeg 1600w\" sizes=\"(max-width: 1024px) 100vw, 1024px\" \/><\/figure>\n<\/div>","protected":false},"excerpt":{"rendered":"<p>A Universidade Federal de Santa Maria \u2013 Campus Palmeira das Miss\u00f5es (UFSM-PM) participou, nesta quinta-feira (3), da Mostra Cient\u00edfica Municipal 2026, realizada no Parque de Exposi\u00e7\u00f5es Tealmo Jos\u00e9 Schardong, em Palmeira das Miss\u00f5es. Promovido pela Secretaria Municipal de Educa\u00e7\u00e3o, o evento teve como tema \u201cSustentabilidade\u201d e abordou os eixos sa\u00fade coletiva e ambiental, recursos naturais [&hellip;]<\/p>\n","protected":false},"author":9627,"featured_media":10484,"comment_status":"closed","ping_status":"closed","sticky":false,"template":"","format":"standard","meta":{"footnotes":""},"categories":[1],"tags":[],"class_list":["post-10483","post","type-post","status-publish","format-standard","has-post-thumbnail","hentry","category-noticias"],"acf":[],"_links":{"self":[{"href":"https:\/\/www.ufsm.br\/unidades-universitarias\/palmeira-das-missoes\/wp-json\/wp\/v2\/posts\/10483","targetHints":{"allow":["GET"]}}],"collection":[{"href":"https:\/\/www.ufsm.br\/unidades-universitarias\/palmeira-das-missoes\/wp-json\/wp\/v2\/posts"}],"about":[{"href":"https:\/\/www.ufsm.br\/unidades-universitarias\/palmeira-das-missoes\/wp-json\/wp\/v2\/types\/post"}],"author":[{"embeddable":true,"href":"https:\/\/www.ufsm.br\/unidades-universitarias\/palmeira-das-missoes\/wp-json\/wp\/v2\/users\/9627"}],"replies":[{"embeddable":true,"href":"https:\/\/www.ufsm.br\/unidades-universitarias\/palmeira-das-missoes\/wp-json\/wp\/v2\/comments?post=10483"}],"version-history":[{"count":0,"href":"https:\/\/www.ufsm.br\/unidades-universitarias\/palmeira-das-missoes\/wp-json\/wp\/v2\/posts\/10483\/revisions"}],"wp:featuredmedia":[{"embeddable":true,"href":"https:\/\/www.ufsm.br\/unidades-universitarias\/palmeira-das-missoes\/wp-json\/wp\/v2\/media\/10484"}],"wp:attachment":[{"href":"https:\/\/www.ufsm.br\/unidades-universitarias\/palmeira-das-missoes\/wp-json\/wp\/v2\/media?parent=10483"}],"wp:term":[{"taxonomy":"category","embeddable":true,"href":"https:\/\/www.ufsm.br\/unidades-universitarias\/palmeira-das-missoes\/wp-json\/wp\/v2\/categories?post=10483"},{"taxonomy":"post_tag","embeddable":true,"href":"https:\/\/www.ufsm.br\/unidades-universitarias\/palmeira-das-missoes\/wp-json\/wp\/v2\/tags?post=10483"}],"curies":[{"name":"wp","href":"https:\/\/api.w.org\/{rel}","templated":true}]}}