{"id":6558,"date":"2022-04-28T14:47:44","date_gmt":"2022-04-28T17:47:44","guid":{"rendered":"https:\/\/www.ufsm.br\/unidades-universitarias\/palmeira-das-missoes\/?p=6558"},"modified":"2022-04-28T14:47:45","modified_gmt":"2022-04-28T17:47:45","slug":"representantes-da-ufsm-e-ufsm-pm-reunem-se-com-o-corede-e-prefeitura-municipal-de-palmeira-das-missoes-para-tratar-de-propostas-de-desenvolvimento-futuras","status":"publish","type":"post","link":"https:\/\/www.ufsm.br\/unidades-universitarias\/palmeira-das-missoes\/2022\/04\/28\/representantes-da-ufsm-e-ufsm-pm-reunem-se-com-o-corede-e-prefeitura-municipal-de-palmeira-das-missoes-para-tratar-de-propostas-de-desenvolvimento-futuras","title":{"rendered":"Representantes da UFSM e UFSM-PM re\u00fanem-se com o COREDE e Prefeitura Municipal de Palmeira das Miss\u00f5es para tratar de propostas de desenvolvimento futuras"},"content":{"rendered":"\n<div class=\"wp-block-image\"><figure class=\"alignright size-large is-resized\"><img fetchpriority=\"high\" decoding=\"async\" src=\"https:\/\/www.ufsm.br\/app\/uploads\/sites\/378\/2022\/04\/DSC0139-1024x683.jpg\" alt=\"\" class=\"wp-image-6559\" width=\"416\" height=\"278\" srcset=\"https:\/\/www.ufsm.br\/app\/uploads\/sites\/378\/2022\/04\/DSC0139-1024x683.jpg 1024w, https:\/\/www.ufsm.br\/app\/uploads\/sites\/378\/2022\/04\/DSC0139-300x200.jpg 300w, https:\/\/www.ufsm.br\/app\/uploads\/sites\/378\/2022\/04\/DSC0139-768x512.jpg 768w, https:\/\/www.ufsm.br\/app\/uploads\/sites\/378\/2022\/04\/DSC0139-1536x1024.jpg 1536w, https:\/\/www.ufsm.br\/app\/uploads\/sites\/378\/2022\/04\/DSC0139-272x182.jpg 272w, https:\/\/www.ufsm.br\/app\/uploads\/sites\/378\/2022\/04\/DSC0139.jpg 1920w\" sizes=\"(max-width: 416px) 100vw, 416px\" \/><\/figure><\/div>\n\n\n\n<p>No dia 12\/04, o reitor da UFSM, Professor Luciano Schuch, reuniu-se com o diretor do<em> campus<\/em> de Palmeira das Miss\u00f5es, Professor Luiz Anildo Anacleto da Silva, com o Prefeito Municipal Evandro Massing, com a Presid\u00eancia do Conselho Regional de Desenvolvimento (COREDE), e com os docentes e assessores das institui\u00e7\u00f5es envolvidas para tratar de assuntos sobre o desenvolvimento da regi\u00e3o.<\/p>\n<p>O enfoque da reuni\u00e3o foi a possibilidade futura, a partir da conclus\u00e3o da obra do Hospital P\u00fablico Regional e sua estrutura\u00e7\u00e3o, da administra\u00e7\u00e3o hospitalar ser realizada pela Empresa Brasileira de Servi\u00e7os Hospitalares (EBSERH). O diretor da UFSM-PM citou que, caso seja concretizada, essa a\u00e7\u00e3o trar\u00e1 um ganho para a Universidade e para a sociedade de Palmeira das Miss\u00f5es e regi\u00e3o.<\/p>\n<p>\u00a0<\/p>\n<p><em>Texto: Augusto Scavazza \u2013 Acad\u00eamico de Rela\u00e7\u00f5es P\u00fablicas e bolsista de Assessoria de Comunica\u00e7\u00e3o.<br \/><br \/><\/em><\/p>\n<p>\u00a0<\/p>\n","protected":false},"excerpt":{"rendered":"<p>No dia 12\/04, o reitor da UFSM, Professor Luciano Schuch, reuniu-se com o diretor do campus de Palmeira das Miss\u00f5es, Professor Luiz Anildo Anacleto da Silva, com o Prefeito Municipal Evandro Massing, com a Presid\u00eancia do Conselho Regional de Desenvolvimento (COREDE), e com os docentes e assessores das institui\u00e7\u00f5es envolvidas para tratar de assuntos sobre [&hellip;]<\/p>\n","protected":false},"author":4897,"featured_media":6560,"comment_status":"closed","ping_status":"closed","sticky":false,"template":"","format":"standard","meta":{"footnotes":""},"categories":[1],"tags":[],"class_list":["post-6558","post","type-post","status-publish","format-standard","has-post-thumbnail","hentry","category-noticias"],"acf":[],"_links":{"self":[{"href":"https:\/\/www.ufsm.br\/unidades-universitarias\/palmeira-das-missoes\/wp-json\/wp\/v2\/posts\/6558","targetHints":{"allow":["GET"]}}],"collection":[{"href":"https:\/\/www.ufsm.br\/unidades-universitarias\/palmeira-das-missoes\/wp-json\/wp\/v2\/posts"}],"about":[{"href":"https:\/\/www.ufsm.br\/unidades-universitarias\/palmeira-das-missoes\/wp-json\/wp\/v2\/types\/post"}],"author":[{"embeddable":true,"href":"https:\/\/www.ufsm.br\/unidades-universitarias\/palmeira-das-missoes\/wp-json\/wp\/v2\/users\/4897"}],"replies":[{"embeddable":true,"href":"https:\/\/www.ufsm.br\/unidades-universitarias\/palmeira-das-missoes\/wp-json\/wp\/v2\/comments?post=6558"}],"version-history":[{"count":0,"href":"https:\/\/www.ufsm.br\/unidades-universitarias\/palmeira-das-missoes\/wp-json\/wp\/v2\/posts\/6558\/revisions"}],"wp:featuredmedia":[{"embeddable":true,"href":"https:\/\/www.ufsm.br\/unidades-universitarias\/palmeira-das-missoes\/wp-json\/wp\/v2\/media\/6560"}],"wp:attachment":[{"href":"https:\/\/www.ufsm.br\/unidades-universitarias\/palmeira-das-missoes\/wp-json\/wp\/v2\/media?parent=6558"}],"wp:term":[{"taxonomy":"category","embeddable":true,"href":"https:\/\/www.ufsm.br\/unidades-universitarias\/palmeira-das-missoes\/wp-json\/wp\/v2\/categories?post=6558"},{"taxonomy":"post_tag","embeddable":true,"href":"https:\/\/www.ufsm.br\/unidades-universitarias\/palmeira-das-missoes\/wp-json\/wp\/v2\/tags?post=6558"}],"curies":[{"name":"wp","href":"https:\/\/api.w.org\/{rel}","templated":true}]}}