{"id":6979,"date":"2022-10-26T10:12:27","date_gmt":"2022-10-26T13:12:27","guid":{"rendered":"https:\/\/www.ufsm.br\/unidades-universitarias\/palmeira-das-missoes\/?p=6979"},"modified":"2022-10-26T10:13:29","modified_gmt":"2022-10-26T13:13:29","slug":"inscricoes-para-os-cursos-de-pos-graduacao-em-agronegocios-e-saude-e-ruralidade-da-ufsm-campus-palmeira-das-missoes-vao-ate-28-de-novembro","status":"publish","type":"post","link":"https:\/\/www.ufsm.br\/unidades-universitarias\/palmeira-das-missoes\/2022\/10\/26\/inscricoes-para-os-cursos-de-pos-graduacao-em-agronegocios-e-saude-e-ruralidade-da-ufsm-campus-palmeira-das-missoes-vao-ate-28-de-novembro","title":{"rendered":"Inscri\u00e7\u00f5es para os cursos de P\u00f3s-gradua\u00e7\u00e3o em Agroneg\u00f3cios e Sa\u00fade e Ruralidade da UFSM Campus Palmeira das Miss\u00f5es v\u00e3o at\u00e9 28 de novembro"},"content":{"rendered":"<div class=\"wp-block-image\">\n<figure class=\"alignright size-large is-resized\"><img fetchpriority=\"high\" decoding=\"async\" src=\"https:\/\/www.ufsm.br\/app\/uploads\/sites\/378\/2022\/10\/Card-Selecao-pos-graduacao-1-2023-1024x1024.jpg\" alt=\"\" class=\"wp-image-6980\" width=\"524\" height=\"524\" srcset=\"https:\/\/www.ufsm.br\/app\/uploads\/sites\/378\/2022\/10\/Card-Selecao-pos-graduacao-1-2023-1024x1024.jpg 1024w, https:\/\/www.ufsm.br\/app\/uploads\/sites\/378\/2022\/10\/Card-Selecao-pos-graduacao-1-2023-300x300.jpg 300w, https:\/\/www.ufsm.br\/app\/uploads\/sites\/378\/2022\/10\/Card-Selecao-pos-graduacao-1-2023-150x150.jpg 150w, https:\/\/www.ufsm.br\/app\/uploads\/sites\/378\/2022\/10\/Card-Selecao-pos-graduacao-1-2023-768x768.jpg 768w, https:\/\/www.ufsm.br\/app\/uploads\/sites\/378\/2022\/10\/Card-Selecao-pos-graduacao-1-2023.jpg 1080w\" sizes=\"(max-width: 524px) 100vw, 524px\" \/><\/figure>\n<\/div>\n\n\n<p>Est\u00e3o abertas<b> at\u00e9 \u00e0s 12h do dia 28 de novembro de 2022<\/b> as inscri\u00e7\u00f5es para o\u00a0<a href=\"https:\/\/www.ufsm.br\/pro-reitorias\/prpgp\/editais\/030-2022\/\"><strong>Processo Seletivo de P\u00f3s-gradua\u00e7\u00e3o da UFSM<\/strong><\/a>, em n\u00edvel de Doutorado, Mestrado e Especializa\u00e7\u00e3o, para ingresso no 1\u00ba semestre letivo de 2023.<\/p>\n<p>Para o\u00a0<strong>Mestrado em Agroneg\u00f3cios<\/strong>, da UFSM-PM<strong>,<\/strong>\u00a0que possui a\u00a0<strong>\u00c1rea de Concentra\u00e7\u00e3o: Desenvolvimento e Sustentabilidade nos Agroneg\u00f3cios<\/strong>, foram ofertadas\u00a0<strong>20<\/strong>\u00a0vagas. Nove (09) vagas s\u00e3o para a <strong>Linha de pesquisa 1: Arranjos Organizacionais e Competitividade nos Agroneg\u00f3cios<\/strong>; e 11 vagas para a<strong> Linha de pesquisa 2: Gest\u00e3o de Sistemas de Produ\u00e7\u00e3o Agroindustrial<\/strong>. D\u00favidas podem ser enviadas para o e-mail ppgagr@ufsm.br.<\/p>\n<p>Para o\u00a0<strong>Mestrado em Sa\u00fade e Ruralidade<\/strong>, da UFSM-PM, que possui a<strong>\u00a0\u00c1rea de Concentra\u00e7\u00e3o: Ruralidade e Aten\u00e7\u00e3o \u00e0 Sa\u00fade<\/strong>, foram ofertadas\u00a0<strong>19 vagas<\/strong>. Dez (10) vagas para a <strong>Linha de pesquisa: Aten\u00e7\u00e3o \u00e0 sa\u00fade da popula\u00e7\u00e3o rural nos ciclos da vida<\/strong>; e nove (09) para a <strong>Linha de pesquisa: Vulnerabilidades da popula\u00e7\u00e3o no contexto da ruralidade<\/strong>. D\u00favidas podem ser enviadas para o e-mail pgsauderuralidade@ufsm.br.<\/p>\n<p><strong>Os candidatos devem realizar as inscri\u00e7\u00f5es no link:\u00a0<\/strong><a href=\"https:\/\/www.ufsm.br\/pro-reitorias\/prpgp\/editais\/030-2022\/\">https:\/\/www.ufsm.br\/pro-reitorias\/prpgp\/editais\/030-2022\/<\/a>.<\/p>\n<p>Confira, abaixo, as informa\u00e7\u00f5es referentes ao\u00a0<strong><a href=\"https:\/\/www.ufsm.br\/cursos\/pos-graduacao\/palmeira-das-missoes\/ppgagr\/\">Programa de P\u00f3s-Gradua\u00e7\u00e3o em Agroneg\u00f3cios da UFSM-PM<\/a>:<\/strong><\/p>\n<p>A Portaria da Comiss\u00e3o de Sele\u00e7\u00e3o, o edital espec\u00edfico e os resultados das etapas da sele\u00e7\u00e3o do Mestrado em Agroneg\u00f3cios da UFSM podem ser acompanhados abaixo:<\/p>\n<p><a href=\"https:\/\/www.ufsm.br\/app\/uploads\/sites\/569\/2022\/09\/Portaria-104.2022-Designa-Comisso-de-Seleo-do-PPGAGR.pdf\">Portaria 104.2022 \u2013 Designa Comiss\u00e3o de Sele\u00e7\u00e3o do PPGAGR<\/a><\/p>\n<p><a href=\"https:\/\/www.ufsm.br\/app\/uploads\/sites\/569\/2022\/09\/EDITAL-2023.pdf\">Edital espec\u00edfico \u2013 Mestrado em Agroneg\u00f3cios (PDF)<\/a><\/p>\n<p><a href=\"https:\/\/www.ufsm.br\/app\/uploads\/sites\/569\/2022\/09\/Anexo-1.docx\">Anexo 1 \u2013 Edital espec\u00edfico PPGAGR<\/a><\/p>\n<p><a href=\"https:\/\/www.ufsm.br\/app\/uploads\/sites\/569\/2022\/09\/Anexo-2.docx\">Anexo 2 \u2013 Edital espec\u00edfico PPGAGR<\/a><\/p>\n<p><a href=\"https:\/\/www.ufsm.br\/app\/uploads\/sites\/569\/2022\/09\/Anexo-6.docx\">Anexo 6 -Edital espec\u00edfico PPGAGR<\/a><\/p>\n<p>\u00a0<\/p>\n<p>Confira, ainda, as informa\u00e7\u00f5es referentes ao processo seletivo para o\u00a0<strong><a href=\"https:\/\/www.ufsm.br\/cursos\/pos-graduacao\/palmeira-das-missoes\/ppgsr\/\">Programa de P\u00f3s-Gradua\u00e7\u00e3o em Sa\u00fade e Ruralidade<\/a>:<\/strong><\/p>\n<p><a href=\"https:\/\/www.ufsm.br\/cursos\/pos-graduacao\/palmeira-das-missoes\/ppgsr\/editais\/030-2022\/\">Edital Espec\u00edfico, anexos e inscri\u00e7\u00f5es<\/a><\/p>\n\n\n\n<figure class=\"wp-block-gallery has-nested-images columns-default is-cropped wp-block-gallery-1 is-layout-flex wp-block-gallery-is-layout-flex\">\n<figure class=\"wp-block-image size-large\"><img decoding=\"async\" width=\"723\" height=\"1024\" data-id=\"6982\" src=\"https:\/\/www.ufsm.br\/app\/uploads\/sites\/378\/2022\/10\/pos-2-723x1024.jpeg\" alt=\"\" class=\"wp-image-6982\" srcset=\"https:\/\/www.ufsm.br\/app\/uploads\/sites\/378\/2022\/10\/pos-2-723x1024.jpeg 723w, https:\/\/www.ufsm.br\/app\/uploads\/sites\/378\/2022\/10\/pos-2-212x300.jpeg 212w, https:\/\/www.ufsm.br\/app\/uploads\/sites\/378\/2022\/10\/pos-2-768x1087.jpeg 768w, https:\/\/www.ufsm.br\/app\/uploads\/sites\/378\/2022\/10\/pos-2.jpeg 904w\" sizes=\"(max-width: 723px) 100vw, 723px\" \/><\/figure>\n\n\n\n<figure class=\"wp-block-image size-large\"><img decoding=\"async\" width=\"723\" height=\"1024\" data-id=\"6981\" src=\"https:\/\/www.ufsm.br\/app\/uploads\/sites\/378\/2022\/10\/pos-1-723x1024.jpeg\" alt=\"\" class=\"wp-image-6981\" srcset=\"https:\/\/www.ufsm.br\/app\/uploads\/sites\/378\/2022\/10\/pos-1-723x1024.jpeg 723w, https:\/\/www.ufsm.br\/app\/uploads\/sites\/378\/2022\/10\/pos-1-212x300.jpeg 212w, https:\/\/www.ufsm.br\/app\/uploads\/sites\/378\/2022\/10\/pos-1-768x1087.jpeg 768w, https:\/\/www.ufsm.br\/app\/uploads\/sites\/378\/2022\/10\/pos-1.jpeg 904w\" sizes=\"(max-width: 723px) 100vw, 723px\" \/><\/figure>\n<\/figure>\n\n\n\n<p><em>Assessoria de Comunica\u00e7\u00e3o UFSM-PM<\/em><\/p>\n","protected":false},"excerpt":{"rendered":"<p>Est\u00e3o abertas at\u00e9 \u00e0s 12h do dia 28 de novembro de 2022 as inscri\u00e7\u00f5es para o\u00a0Processo Seletivo de P\u00f3s-gradua\u00e7\u00e3o da UFSM, em n\u00edvel de Doutorado, Mestrado e Especializa\u00e7\u00e3o, para ingresso no 1\u00ba semestre letivo de 2023. Para o\u00a0Mestrado em Agroneg\u00f3cios, da UFSM-PM,\u00a0que possui a\u00a0\u00c1rea de Concentra\u00e7\u00e3o: Desenvolvimento e Sustentabilidade nos Agroneg\u00f3cios, foram ofertadas\u00a020\u00a0vagas. Nove (09) [&hellip;]<\/p>\n","protected":false},"author":307,"featured_media":6980,"comment_status":"closed","ping_status":"closed","sticky":false,"template":"","format":"standard","meta":{"footnotes":""},"categories":[1],"tags":[],"class_list":["post-6979","post","type-post","status-publish","format-standard","has-post-thumbnail","hentry","category-noticias"],"acf":[],"_links":{"self":[{"href":"https:\/\/www.ufsm.br\/unidades-universitarias\/palmeira-das-missoes\/wp-json\/wp\/v2\/posts\/6979","targetHints":{"allow":["GET"]}}],"collection":[{"href":"https:\/\/www.ufsm.br\/unidades-universitarias\/palmeira-das-missoes\/wp-json\/wp\/v2\/posts"}],"about":[{"href":"https:\/\/www.ufsm.br\/unidades-universitarias\/palmeira-das-missoes\/wp-json\/wp\/v2\/types\/post"}],"author":[{"embeddable":true,"href":"https:\/\/www.ufsm.br\/unidades-universitarias\/palmeira-das-missoes\/wp-json\/wp\/v2\/users\/307"}],"replies":[{"embeddable":true,"href":"https:\/\/www.ufsm.br\/unidades-universitarias\/palmeira-das-missoes\/wp-json\/wp\/v2\/comments?post=6979"}],"version-history":[{"count":0,"href":"https:\/\/www.ufsm.br\/unidades-universitarias\/palmeira-das-missoes\/wp-json\/wp\/v2\/posts\/6979\/revisions"}],"wp:featuredmedia":[{"embeddable":true,"href":"https:\/\/www.ufsm.br\/unidades-universitarias\/palmeira-das-missoes\/wp-json\/wp\/v2\/media\/6980"}],"wp:attachment":[{"href":"https:\/\/www.ufsm.br\/unidades-universitarias\/palmeira-das-missoes\/wp-json\/wp\/v2\/media?parent=6979"}],"wp:term":[{"taxonomy":"category","embeddable":true,"href":"https:\/\/www.ufsm.br\/unidades-universitarias\/palmeira-das-missoes\/wp-json\/wp\/v2\/categories?post=6979"},{"taxonomy":"post_tag","embeddable":true,"href":"https:\/\/www.ufsm.br\/unidades-universitarias\/palmeira-das-missoes\/wp-json\/wp\/v2\/tags?post=6979"}],"curies":[{"name":"wp","href":"https:\/\/api.w.org\/{rel}","templated":true}]}}