{"id":7673,"date":"2023-05-05T08:43:10","date_gmt":"2023-05-05T11:43:10","guid":{"rendered":"https:\/\/www.ufsm.br\/unidades-universitarias\/palmeira-das-missoes\/?p=7673"},"modified":"2023-05-05T08:43:41","modified_gmt":"2023-05-05T11:43:41","slug":"nota-de-solidariedade-ao-campus-da-ufsm-de-frederico-westphalen","status":"publish","type":"post","link":"https:\/\/www.ufsm.br\/unidades-universitarias\/palmeira-das-missoes\/2023\/05\/05\/nota-de-solidariedade-ao-campus-da-ufsm-de-frederico-westphalen","title":{"rendered":"Nota de solidariedade ao campus da UFSM de Frederico Westphalen"},"content":{"rendered":"\n<p>A Universidade Federal de Santa Maria, <em>campus<\/em> Palmeira das Miss\u00f5es, lamenta profundamente o falecimento do aluno do curso de Agronomia da UFSM <em>campus<\/em> Frederico Westphalen, V\u00edtor Trapp, ocorrido nesta quinta-feira (04). Nossa solidariedade aos amigos, familiares e \u00e0 comunidade acad\u00eamica da UFSM-FW.<\/p>\n<p><em>Dire\u00e7\u00e3o UFSM-PM<\/em><\/p>\n","protected":false},"excerpt":{"rendered":"<p>A Universidade Federal de Santa Maria, campus Palmeira das Miss\u00f5es, lamenta profundamente o falecimento do aluno do curso de Agronomia da UFSM campus Frederico Westphalen, V\u00edtor Trapp, ocorrido nesta quinta-feira (04). Nossa solidariedade aos amigos, familiares e \u00e0 comunidade acad\u00eamica da UFSM-FW. Dire\u00e7\u00e3o UFSM-PM<\/p>\n","protected":false},"author":6212,"featured_media":0,"comment_status":"closed","ping_status":"closed","sticky":false,"template":"","format":"standard","meta":{"footnotes":""},"categories":[1],"tags":[],"class_list":["post-7673","post","type-post","status-publish","format-standard","hentry","category-noticias"],"acf":[],"_links":{"self":[{"href":"https:\/\/www.ufsm.br\/unidades-universitarias\/palmeira-das-missoes\/wp-json\/wp\/v2\/posts\/7673","targetHints":{"allow":["GET"]}}],"collection":[{"href":"https:\/\/www.ufsm.br\/unidades-universitarias\/palmeira-das-missoes\/wp-json\/wp\/v2\/posts"}],"about":[{"href":"https:\/\/www.ufsm.br\/unidades-universitarias\/palmeira-das-missoes\/wp-json\/wp\/v2\/types\/post"}],"author":[{"embeddable":true,"href":"https:\/\/www.ufsm.br\/unidades-universitarias\/palmeira-das-missoes\/wp-json\/wp\/v2\/users\/6212"}],"replies":[{"embeddable":true,"href":"https:\/\/www.ufsm.br\/unidades-universitarias\/palmeira-das-missoes\/wp-json\/wp\/v2\/comments?post=7673"}],"version-history":[{"count":0,"href":"https:\/\/www.ufsm.br\/unidades-universitarias\/palmeira-das-missoes\/wp-json\/wp\/v2\/posts\/7673\/revisions"}],"wp:attachment":[{"href":"https:\/\/www.ufsm.br\/unidades-universitarias\/palmeira-das-missoes\/wp-json\/wp\/v2\/media?parent=7673"}],"wp:term":[{"taxonomy":"category","embeddable":true,"href":"https:\/\/www.ufsm.br\/unidades-universitarias\/palmeira-das-missoes\/wp-json\/wp\/v2\/categories?post=7673"},{"taxonomy":"post_tag","embeddable":true,"href":"https:\/\/www.ufsm.br\/unidades-universitarias\/palmeira-das-missoes\/wp-json\/wp\/v2\/tags?post=7673"}],"curies":[{"name":"wp","href":"https:\/\/api.w.org\/{rel}","templated":true}]}}