{"id":8157,"date":"2023-12-13T11:32:02","date_gmt":"2023-12-13T14:32:02","guid":{"rendered":"https:\/\/www.ufsm.br\/unidades-universitarias\/palmeira-das-missoes\/?p=8157"},"modified":"2023-12-13T16:25:21","modified_gmt":"2023-12-13T19:25:21","slug":"comitiva-se-reune-nesta-quarta-feira-13-com-representantes-do-mec-para-tratar-da-implantacao-do-curso-de-medicina-na-ufsm-campus-palmeira-das-missoes","status":"publish","type":"post","link":"https:\/\/www.ufsm.br\/unidades-universitarias\/palmeira-das-missoes\/2023\/12\/13\/comitiva-se-reune-nesta-quarta-feira-13-com-representantes-do-mec-para-tratar-da-implantacao-do-curso-de-medicina-na-ufsm-campus-palmeira-das-missoes","title":{"rendered":"Comitiva se re\u00fane nesta quarta-feira (13) com representantes do MEC para tratar da implanta\u00e7\u00e3o do curso de Medicina na UFSM campus Palmeira das Miss\u00f5es"},"content":{"rendered":"<div class=\"wp-block-image\">\n<figure class=\"aligncenter size-large is-resized\"><img fetchpriority=\"high\" decoding=\"async\" width=\"1024\" height=\"794\" src=\"https:\/\/www.ufsm.br\/app\/uploads\/sites\/378\/2023\/12\/WhatsApp-Image-2023-12-13-at-09.57.48-1024x794.jpeg\" alt=\"\" class=\"wp-image-8158\" style=\"width:862px;height:auto\" srcset=\"https:\/\/www.ufsm.br\/app\/uploads\/sites\/378\/2023\/12\/WhatsApp-Image-2023-12-13-at-09.57.48-1024x794.jpeg 1024w, https:\/\/www.ufsm.br\/app\/uploads\/sites\/378\/2023\/12\/WhatsApp-Image-2023-12-13-at-09.57.48-300x233.jpeg 300w, https:\/\/www.ufsm.br\/app\/uploads\/sites\/378\/2023\/12\/WhatsApp-Image-2023-12-13-at-09.57.48-768x595.jpeg 768w, https:\/\/www.ufsm.br\/app\/uploads\/sites\/378\/2023\/12\/WhatsApp-Image-2023-12-13-at-09.57.48.jpeg 1280w\" sizes=\"(max-width: 1024px) 100vw, 1024px\" \/><figcaption class=\"wp-element-caption\">No dia 27 de novembro, o projeto para a implanta\u00e7\u00e3o do curso de Medicina na UFSM, <em>campus <\/em>Palmeira das Miss\u00f5es, foi apresentado para toda a comunidade local e regional pelo reitor da UFSM, professor Luciano Schuch, pelo Diretor da UFSM-PM, professor Luiz Anildo Anacleto da Silva, e pelo prefeito de Palmeira das Miss\u00f5es, Evandro Massing.<\/figcaption><\/figure>\n<\/div>\n\n\n<p><span style=\"font-weight: 400\">Na manh\u00e3 desta quarta-feira (13), o Reitor da Universidade Federal de Santa Maria, professor Luciano Schuch, o Prefeito de Palmeira das Miss\u00f5es, Evandro Massing,\u00a0 e uma comitiva com demais autoridades, ir\u00e3o cumprir uma agenda, em Bras\u00edlia, com representantes do MEC (Minist\u00e9rio da Educa\u00e7\u00e3o) para solicitar a abertura de um curso de Medicina na UFSM-PM.<\/span><\/p>\n<p><span style=\"font-weight: 400\">No encontro, ser\u00e1 apresentado o projeto para a implanta\u00e7\u00e3o do curso. No documento, est\u00e3o elencadas todas as demandas de novas obras, pessoal docente, e de t\u00e9cnicos de laborat\u00f3rios e administrativos que ser\u00e3o necess\u00e1rios para viabilizar a vinda de um curso de Medicina ao <em>campus<\/em> de Palmeira das Miss\u00f5es.<\/span><\/p>\n<p><span style=\"font-weight: 400\">No documento, \u00e9 frisado que a Institui\u00e7\u00e3o j\u00e1 conta com uma infraestrutura predial existente (b\u00e1sica), e de recursos de pessoal t\u00e9cnico de laborat\u00f3rios, de \u00e1reas administrativas e docentes. Tamb\u00e9m \u00e9 destacado que j\u00e1 h\u00e1 salas de aulas para as atividades te\u00f3ricas, laborat\u00f3rios para atividades pr\u00e1ticas em microbiologia, histologia, qu\u00edmica e bioqu\u00edmica, an\u00e1lise sensorial, avalia\u00e7\u00e3o nutricional, ensino, gen\u00e9tica evolutiva, inform\u00e1tica, microscopia, nutri\u00e7\u00e3o esportiva, t\u00e9cnica diet\u00e9tica, osteologia, morfofisiologia e an\u00e1lise de imagens, bromatologia. O laborat\u00f3rio do curso de Enfermagem disponibiliza uma s\u00e9rie de equipamentos, manequins e materiais que podem ser utilizados para as aulas pr\u00e1ticas dos acad\u00eamicos do curso de Medicina. Portanto, complementarmente, para a implanta\u00e7\u00e3o desse curso no <em>campus<\/em> de Palmeira das Miss\u00f5es ser\u00e3o necess\u00e1rios:<\/span><\/p>\n<p><b>Estrutura f\u00edsica<\/b><span style=\"font-weight: 400\"> \u2013 Constru\u00e7\u00e3o de um pr\u00e9dio com 8 salas de aula, com capacidade para 50 alunos cada. Constru\u00e7\u00e3o de um pr\u00e9dio com 27 salas para abrigar os professores. Constru\u00e7\u00e3o de um novo pr\u00e9dio de moradia estudantil com capacidade de abrigar 70 moradores; amplia\u00e7\u00e3o do restaurante universit\u00e1rio; amplia\u00e7\u00e3o do laborat\u00f3rio de microbiologia e parasitologia; constru\u00e7\u00e3o de um laborat\u00f3rio de patologia, t\u00e9cnica cir\u00fargica; de morfologia, laborat\u00f3rio de bioqu\u00edmica, gen\u00e9tica e imunologia. Laborat\u00f3rio de t\u00e9cnica cir\u00fargica e de patologia macrosc\u00f3pica.<\/span><\/p>\n<p><b>Professores<\/b><span style=\"font-weight: 400\">: considerando a for\u00e7a de trabalho docente j\u00e1 existente em algumas \u00e1reas, ser\u00e3o necess\u00e1rios mais 82 professores.<\/span><\/p>\n<p><b>T\u00e9cnicos de laborat\u00f3rios e administrativos<\/b><span style=\"font-weight: 400\"> \u2013 considerando o j\u00e1 existente, ser\u00e3o necess\u00e1rios mais 60 t\u00e9cnicos, considerando o aproveitamento do trabalho t\u00e9cnico e docentes j\u00e1 existentes no Campus.<\/span><\/p>\n<p><span style=\"font-weight: 400\">No dia 27 de novembro, o projeto para a implanta\u00e7\u00e3o do curso de Medicina na UFSM, <\/span><i><span style=\"font-weight: 400\">campus <\/span><\/i><span style=\"font-weight: 400\">Palmeira das Miss\u00f5es, foi apresentado para toda a comunidade local e regional pelo reitor da UFSM, professor Luciano Schuch, pelo Diretor da UFSM-PM, professor Luiz Anildo Anacleto da Silva, e pelo prefeito de Palmeira das Miss\u00f5es, Evandro Massing.<\/span><\/p>\n<p><span style=\"font-weight: 400\">O projeto do curso de Medicina em Palmeira das Miss\u00f5es foi elaborado pelos seguintes autores: professores Daniel Graichen, Sabrina Zancan, Daniela Pilz, e Luiz Anildo Anacleto da Silva, do campus da UFSM-PM; representantes da 15\u00aa CRS, Guilherme Machado e Patricia De Carli; Secretaria Municipal de Sa\u00fade, Izaias Malheiro e Andressa Magalh\u00e3es Flores; Tatiana Silva, do Hospital de Caridade, juntamente com o delegado regional de sa\u00fade, Fernando De Carli; e prefeito de Palmeira das Miss\u00f5es, Evandro Massing.<\/span><\/p>\n<p>Confira o documento das necessidades para a implanta\u00e7\u00e3o de um curso de Medicina na UFSM-PM, que ser\u00e1 entregue ao Ministro da Educa\u00e7\u00e3o: <a href=\"https:\/\/www.ufsm.br\/app\/uploads\/sites\/378\/2023\/12\/Infraeestrutura-para-um-curso-de-medicina-na-UFSM-PM.pdf\">Infraeestrutura para um curso de medicina na UFSM-PM.<\/a><\/p>\n<p><i><span style=\"font-weight: 400\">Assessoria de Comunica\u00e7\u00e3o UFSM-PM<\/span><\/i><\/p>\n<p>\u00a0<\/p>\n","protected":false},"excerpt":{"rendered":"<p>Na manh\u00e3 desta quarta-feira (13), o Reitor da Universidade Federal de Santa Maria, professor Luciano Schuch, o Prefeito de Palmeira das Miss\u00f5es, Evandro Massing,\u00a0 e uma comitiva com demais autoridades, ir\u00e3o cumprir uma agenda, em Bras\u00edlia, com representantes do MEC (Minist\u00e9rio da Educa\u00e7\u00e3o) para solicitar a abertura de um curso de Medicina na UFSM-PM. No [&hellip;]<\/p>\n","protected":false},"author":307,"featured_media":8159,"comment_status":"closed","ping_status":"closed","sticky":false,"template":"","format":"standard","meta":{"footnotes":""},"categories":[1],"tags":[],"class_list":["post-8157","post","type-post","status-publish","format-standard","has-post-thumbnail","hentry","category-noticias"],"acf":[],"_links":{"self":[{"href":"https:\/\/www.ufsm.br\/unidades-universitarias\/palmeira-das-missoes\/wp-json\/wp\/v2\/posts\/8157","targetHints":{"allow":["GET"]}}],"collection":[{"href":"https:\/\/www.ufsm.br\/unidades-universitarias\/palmeira-das-missoes\/wp-json\/wp\/v2\/posts"}],"about":[{"href":"https:\/\/www.ufsm.br\/unidades-universitarias\/palmeira-das-missoes\/wp-json\/wp\/v2\/types\/post"}],"author":[{"embeddable":true,"href":"https:\/\/www.ufsm.br\/unidades-universitarias\/palmeira-das-missoes\/wp-json\/wp\/v2\/users\/307"}],"replies":[{"embeddable":true,"href":"https:\/\/www.ufsm.br\/unidades-universitarias\/palmeira-das-missoes\/wp-json\/wp\/v2\/comments?post=8157"}],"version-history":[{"count":0,"href":"https:\/\/www.ufsm.br\/unidades-universitarias\/palmeira-das-missoes\/wp-json\/wp\/v2\/posts\/8157\/revisions"}],"wp:featuredmedia":[{"embeddable":true,"href":"https:\/\/www.ufsm.br\/unidades-universitarias\/palmeira-das-missoes\/wp-json\/wp\/v2\/media\/8159"}],"wp:attachment":[{"href":"https:\/\/www.ufsm.br\/unidades-universitarias\/palmeira-das-missoes\/wp-json\/wp\/v2\/media?parent=8157"}],"wp:term":[{"taxonomy":"category","embeddable":true,"href":"https:\/\/www.ufsm.br\/unidades-universitarias\/palmeira-das-missoes\/wp-json\/wp\/v2\/categories?post=8157"},{"taxonomy":"post_tag","embeddable":true,"href":"https:\/\/www.ufsm.br\/unidades-universitarias\/palmeira-das-missoes\/wp-json\/wp\/v2\/tags?post=8157"}],"curies":[{"name":"wp","href":"https:\/\/api.w.org\/{rel}","templated":true}]}}