{"id":8309,"date":"2024-07-11T10:35:26","date_gmt":"2024-07-11T13:35:26","guid":{"rendered":"https:\/\/www.ufsm.br\/unidades-universitarias\/palmeira-das-missoes\/?p=8309"},"modified":"2024-12-30T10:14:33","modified_gmt":"2024-12-30T13:14:33","slug":"vi-coloquio-e-ii-coloquio-internacional-de-pesquisas-em-agronegocios-sera-realizado-de-21-a-23-de-agosto-na-ufsm-campus-palmeira-das-missoes","status":"publish","type":"post","link":"https:\/\/www.ufsm.br\/unidades-universitarias\/palmeira-das-missoes\/2024\/07\/11\/vi-coloquio-e-ii-coloquio-internacional-de-pesquisas-em-agronegocios-sera-realizado-de-21-a-23-de-agosto-na-ufsm-campus-palmeira-das-missoes","title":{"rendered":"VI Col\u00f3quio e II Col\u00f3quio Internacional de Pesquisas em Agroneg\u00f3cios ser\u00e1 realizado de 21 a 23 de agosto na UFSM campus Palmeira das Miss\u00f5es"},"content":{"rendered":"<div class=\"wp-block-image\">\n<figure class=\"alignright size-large is-resized\"><img fetchpriority=\"high\" decoding=\"async\" width=\"1024\" height=\"1024\" src=\"https:\/\/www.ufsm.br\/app\/uploads\/sites\/378\/2024\/07\/448320585_985328553466971_568866179272578344_n-1024x1024.jpg\" alt=\"\" class=\"wp-image-8310\" style=\"width:547px;height:auto\" srcset=\"https:\/\/www.ufsm.br\/app\/uploads\/sites\/378\/2024\/07\/448320585_985328553466971_568866179272578344_n-1024x1024.jpg 1024w, https:\/\/www.ufsm.br\/app\/uploads\/sites\/378\/2024\/07\/448320585_985328553466971_568866179272578344_n-300x300.jpg 300w, https:\/\/www.ufsm.br\/app\/uploads\/sites\/378\/2024\/07\/448320585_985328553466971_568866179272578344_n-150x150.jpg 150w, https:\/\/www.ufsm.br\/app\/uploads\/sites\/378\/2024\/07\/448320585_985328553466971_568866179272578344_n-768x768.jpg 768w, https:\/\/www.ufsm.br\/app\/uploads\/sites\/378\/2024\/07\/448320585_985328553466971_568866179272578344_n-1536x1536.jpg 1536w, https:\/\/www.ufsm.br\/app\/uploads\/sites\/378\/2024\/07\/448320585_985328553466971_568866179272578344_n.jpg 2048w\" sizes=\"(max-width: 1024px) 100vw, 1024px\" \/><\/figure>\n<\/div>\n\n\n<p><span style=\"font-weight: 400\">O <\/span><a href=\"https:\/\/www.ufsm.br\/cursos\/pos-graduacao\/palmeira-das-missoes\/ppgagr\/eventos\/vi-coloquio-e-ii-coloquio-internacional-de-pesquisas-em-agronegocios\"><b>VI Col\u00f3quio e II Col\u00f3quio Internacional de Pesquisas em Agroneg\u00f3cios<\/b><\/a><span style=\"font-weight: 400\"> (CIPAgro) ser\u00e1 realizado de <strong>21 a 23 de agosto<\/strong> de 2024 e tem como prop\u00f3sito a aproxima\u00e7\u00e3o de pesquisadores, acad\u00eamicos e sociedade, no intuito de criar um espa\u00e7o de debate, discuss\u00e3o, troca de experi\u00eancias, proporcionando uma aprendizagem significativa para todos, tratando de temas estrat\u00e9gicos pertinentes para o desenvolvimento dos Agroneg\u00f3cios em escala local, regional, nacional e global.<\/span><\/p>\n<p><span style=\"font-weight: 400\">De abrang\u00eancia internacional e periodicidade bianual, o evento, que \u00e9 organizado pelo <a href=\"https:\/\/www.ufsm.br\/cursos\/pos-graduacao\/palmeira-das-missoes\/ppgagr\">Programa de P\u00f3s-Gradua\u00e7\u00e3o em Agroneg\u00f3cios (PPPGAGR)<\/a>, da Universidade Federal de Santa Maria (UFSM) <em>campus<\/em> Palmeira das Miss\u00f5es, est\u00e1 se consolidando como um espa\u00e7o qualificado de discuss\u00e3o e aproxima\u00e7\u00e3o da academia com a sociedade.<\/span><\/p>\n<p><span style=\"font-weight: 400\">Em sua sexta edi\u00e7\u00e3o, sendo que dessas \u00e9 a segunda de car\u00e1ter internacional, o CIPAgro apresenta como tem\u00e1tica \u201c<\/span><b>O futuro dos Sistemas Agroalimentares<\/b><span style=\"font-weight: 400\">\u201d.\u00a0<\/span><\/p>\n<p><span style=\"font-weight: 400\">As submiss\u00f5es ser\u00e3o aceitas at\u00e9 <strong>20\/07\/2024<\/strong> em dois eixos tem\u00e1ticos: \u201c<strong>Arranjos Organizacionais e Competitividade nos Agroneg\u00f3cios<\/strong>\u201d e \u201c<strong>Gest\u00e3o de Sistemas de Produ\u00e7\u00e3o Agroindustrial<\/strong>\u201d. Os trabalhos aprovados poder\u00e3o optar por apresenta\u00e7\u00e3o <strong>presencial<\/strong> ou <strong>on-line<\/strong>. As inscri\u00e7\u00f5es s\u00e3o gratuitas.<\/span><\/p>\n<p><span style=\"font-weight: 400\">Confira toda a <a href=\"https:\/\/www.ufsm.br\/cursos\/pos-graduacao\/palmeira-das-missoes\/ppgagr\/eventos\/vi-coloquio-e-ii-coloquio-internacional-de-pesquisas-em-agronegocios#programacao\">Programa\u00e7\u00e3o Geral<\/a> do evento e fa\u00e7a sua <a href=\"https:\/\/docs.google.com\/forms\/d\/e\/1FAIpQLSf4A416b1pFWQs0GTluzeSEy6FqjA7MYRt-Cvm1sXJxVB_r6Q\/viewform\">inscri\u00e7\u00e3o <\/a>no link: <strong><a href=\"http:\/\/ufsm.br\/eventos\/ppgagr-cipagro\">ufsm.br\/eventos\/ppgagr-cipagro<\/a>.<\/strong><\/span><\/p>\n<p><span style=\"font-weight: 400\"><strong>DATAS IMPORTANTES<\/strong>:<\/span><\/p>\n<p><span style=\"font-weight: 400\"><strong> 20\/07<\/strong> &#8211; Encerramento das submiss\u00f5es;<\/span><\/p>\n<p><span style=\"font-weight: 400\"><strong> 10\/08<\/strong> &#8211; Divulga\u00e7\u00e3o dos trabalhos aprovados;<\/span><\/p>\n<p><span style=\"font-weight: 400\"><strong> 21\/08<\/strong> &#8211; Abertura oficial do evento.<\/span><\/p>\n<p><em><span style=\"font-weight: 400\">Comiss\u00e3o organizadora do VI CIPAgro<\/span><\/em><\/p>\n\n\n\n<figure class=\"wp-block-gallery has-nested-images columns-default is-cropped wp-block-gallery-1 is-layout-flex wp-block-gallery-is-layout-flex\">\n<figure class=\"wp-block-image size-large\"><img decoding=\"async\" width=\"1024\" height=\"1024\" data-id=\"8313\" src=\"https:\/\/www.ufsm.br\/app\/uploads\/sites\/378\/2024\/07\/449212857_18102254509416465_1954593123861235186_n-1-1024x1024.jpg\" alt=\"\" class=\"wp-image-8313\" srcset=\"https:\/\/www.ufsm.br\/app\/uploads\/sites\/378\/2024\/07\/449212857_18102254509416465_1954593123861235186_n-1-1024x1024.jpg 1024w, https:\/\/www.ufsm.br\/app\/uploads\/sites\/378\/2024\/07\/449212857_18102254509416465_1954593123861235186_n-1-300x300.jpg 300w, https:\/\/www.ufsm.br\/app\/uploads\/sites\/378\/2024\/07\/449212857_18102254509416465_1954593123861235186_n-1-150x150.jpg 150w, https:\/\/www.ufsm.br\/app\/uploads\/sites\/378\/2024\/07\/449212857_18102254509416465_1954593123861235186_n-1-768x767.jpg 768w, https:\/\/www.ufsm.br\/app\/uploads\/sites\/378\/2024\/07\/449212857_18102254509416465_1954593123861235186_n-1.jpg 1440w\" sizes=\"(max-width: 1024px) 100vw, 1024px\" \/><\/figure>\n\n\n\n<figure class=\"wp-block-image size-large\"><img decoding=\"async\" width=\"1024\" height=\"1024\" data-id=\"8315\" src=\"https:\/\/www.ufsm.br\/app\/uploads\/sites\/378\/2024\/07\/449212775_18102254518416465_2365741622775437613_n-1024x1024.jpg\" alt=\"\" class=\"wp-image-8315\" srcset=\"https:\/\/www.ufsm.br\/app\/uploads\/sites\/378\/2024\/07\/449212775_18102254518416465_2365741622775437613_n-1024x1024.jpg 1024w, https:\/\/www.ufsm.br\/app\/uploads\/sites\/378\/2024\/07\/449212775_18102254518416465_2365741622775437613_n-300x300.jpg 300w, https:\/\/www.ufsm.br\/app\/uploads\/sites\/378\/2024\/07\/449212775_18102254518416465_2365741622775437613_n-150x150.jpg 150w, https:\/\/www.ufsm.br\/app\/uploads\/sites\/378\/2024\/07\/449212775_18102254518416465_2365741622775437613_n-768x767.jpg 768w, https:\/\/www.ufsm.br\/app\/uploads\/sites\/378\/2024\/07\/449212775_18102254518416465_2365741622775437613_n.jpg 1440w\" sizes=\"(max-width: 1024px) 100vw, 1024px\" \/><\/figure>\n\n\n\n<figure class=\"wp-block-image size-large\"><img loading=\"lazy\" decoding=\"async\" width=\"1024\" height=\"1024\" data-id=\"8314\" src=\"https:\/\/www.ufsm.br\/app\/uploads\/sites\/378\/2024\/07\/448140761_983340730332420_3768462365519374699_n-1-1024x1024.jpg\" alt=\"\" class=\"wp-image-8314\" srcset=\"https:\/\/www.ufsm.br\/app\/uploads\/sites\/378\/2024\/07\/448140761_983340730332420_3768462365519374699_n-1-1024x1024.jpg 1024w, https:\/\/www.ufsm.br\/app\/uploads\/sites\/378\/2024\/07\/448140761_983340730332420_3768462365519374699_n-1-300x300.jpg 300w, https:\/\/www.ufsm.br\/app\/uploads\/sites\/378\/2024\/07\/448140761_983340730332420_3768462365519374699_n-1-150x150.jpg 150w, https:\/\/www.ufsm.br\/app\/uploads\/sites\/378\/2024\/07\/448140761_983340730332420_3768462365519374699_n-1-768x768.jpg 768w, https:\/\/www.ufsm.br\/app\/uploads\/sites\/378\/2024\/07\/448140761_983340730332420_3768462365519374699_n-1-1536x1536.jpg 1536w, https:\/\/www.ufsm.br\/app\/uploads\/sites\/378\/2024\/07\/448140761_983340730332420_3768462365519374699_n-1.jpg 2048w\" sizes=\"(max-width: 1024px) 100vw, 1024px\" \/><\/figure>\n<\/figure>\n","protected":false},"excerpt":{"rendered":"<p>O VI Col\u00f3quio e II Col\u00f3quio Internacional de Pesquisas em Agroneg\u00f3cios (CIPAgro) ser\u00e1 realizado de 21 a 23 de agosto de 2024 e tem como prop\u00f3sito a aproxima\u00e7\u00e3o de pesquisadores, acad\u00eamicos e sociedade, no intuito de criar um espa\u00e7o de debate, discuss\u00e3o, troca de experi\u00eancias, proporcionando uma aprendizagem significativa para todos, tratando de temas estrat\u00e9gicos [&hellip;]<\/p>\n","protected":false},"author":307,"featured_media":0,"comment_status":"closed","ping_status":"closed","sticky":false,"template":"","format":"standard","meta":{"footnotes":""},"categories":[1],"tags":[],"class_list":["post-8309","post","type-post","status-publish","format-standard","hentry","category-noticias"],"acf":[],"_links":{"self":[{"href":"https:\/\/www.ufsm.br\/unidades-universitarias\/palmeira-das-missoes\/wp-json\/wp\/v2\/posts\/8309","targetHints":{"allow":["GET"]}}],"collection":[{"href":"https:\/\/www.ufsm.br\/unidades-universitarias\/palmeira-das-missoes\/wp-json\/wp\/v2\/posts"}],"about":[{"href":"https:\/\/www.ufsm.br\/unidades-universitarias\/palmeira-das-missoes\/wp-json\/wp\/v2\/types\/post"}],"author":[{"embeddable":true,"href":"https:\/\/www.ufsm.br\/unidades-universitarias\/palmeira-das-missoes\/wp-json\/wp\/v2\/users\/307"}],"replies":[{"embeddable":true,"href":"https:\/\/www.ufsm.br\/unidades-universitarias\/palmeira-das-missoes\/wp-json\/wp\/v2\/comments?post=8309"}],"version-history":[{"count":0,"href":"https:\/\/www.ufsm.br\/unidades-universitarias\/palmeira-das-missoes\/wp-json\/wp\/v2\/posts\/8309\/revisions"}],"wp:attachment":[{"href":"https:\/\/www.ufsm.br\/unidades-universitarias\/palmeira-das-missoes\/wp-json\/wp\/v2\/media?parent=8309"}],"wp:term":[{"taxonomy":"category","embeddable":true,"href":"https:\/\/www.ufsm.br\/unidades-universitarias\/palmeira-das-missoes\/wp-json\/wp\/v2\/categories?post=8309"},{"taxonomy":"post_tag","embeddable":true,"href":"https:\/\/www.ufsm.br\/unidades-universitarias\/palmeira-das-missoes\/wp-json\/wp\/v2\/tags?post=8309"}],"curies":[{"name":"wp","href":"https:\/\/api.w.org\/{rel}","templated":true}]}}