{"id":8379,"date":"2024-08-13T12:27:38","date_gmt":"2024-08-13T15:27:38","guid":{"rendered":"https:\/\/www.ufsm.br\/unidades-universitarias\/palmeira-das-missoes\/?p=8379"},"modified":"2024-08-13T13:42:01","modified_gmt":"2024-08-13T16:42:01","slug":"docente-do-programa-de-pos-graduacao-em-saude-e-ruralidade-realiza-sua-defesa-publica-para-professora-titular-nesta-quarta-feira-14","status":"publish","type":"post","link":"https:\/\/www.ufsm.br\/unidades-universitarias\/palmeira-das-missoes\/2024\/08\/13\/docente-do-programa-de-pos-graduacao-em-saude-e-ruralidade-realiza-sua-defesa-publica-para-professora-titular-nesta-quarta-feira-14","title":{"rendered":"Docente do Programa de P\u00f3s-Gradua\u00e7\u00e3o em Sa\u00fade e Ruralidade realiza sua defesa p\u00fablica para Professora Titular nesta quarta-feira (14)"},"content":{"rendered":"<div class=\"wp-block-image\">\n<figure class=\"alignright size-large is-resized\"><img fetchpriority=\"high\" decoding=\"async\" width=\"576\" height=\"1024\" src=\"https:\/\/www.ufsm.br\/app\/uploads\/sites\/378\/2024\/08\/WhatsApp-Image-2024-08-13-at-08.34.58-576x1024.jpeg\" alt=\"\" class=\"wp-image-8380\" style=\"width:411px;height:auto\" srcset=\"https:\/\/www.ufsm.br\/app\/uploads\/sites\/378\/2024\/08\/WhatsApp-Image-2024-08-13-at-08.34.58-576x1024.jpeg 576w, https:\/\/www.ufsm.br\/app\/uploads\/sites\/378\/2024\/08\/WhatsApp-Image-2024-08-13-at-08.34.58-169x300.jpeg 169w, https:\/\/www.ufsm.br\/app\/uploads\/sites\/378\/2024\/08\/WhatsApp-Image-2024-08-13-at-08.34.58-768x1365.jpeg 768w, https:\/\/www.ufsm.br\/app\/uploads\/sites\/378\/2024\/08\/WhatsApp-Image-2024-08-13-at-08.34.58-864x1536.jpeg 864w, https:\/\/www.ufsm.br\/app\/uploads\/sites\/378\/2024\/08\/WhatsApp-Image-2024-08-13-at-08.34.58.jpeg 900w\" sizes=\"(max-width: 576px) 100vw, 576px\" \/><\/figure>\n<\/div>\n\n\n<p align=\"justify\"><span style=\"font-family: Arial, serif\">Nesta quarta-feira, <strong>1<\/strong><\/span><strong><span style=\"font-family: Arial, serif\">4<\/span><\/strong><span style=\"font-family: Arial, serif\"><strong> de agosto<\/strong>, \u00e0s <strong>8h30min<\/strong>, via <strong><a href=\"https:\/\/meet.google.com\/pdt-ybfo-vwx\">Google Meet<\/a><\/strong>, a Docente <strong>Marin\u00eas Tambara Leite<\/strong>, do Programa de P\u00f3s-Gradua\u00e7\u00e4o em Sa\u00fade e Ruralidade realizar\u00e1 sua <strong>Defesa de Memorial para Professora Titular<\/strong> \u2013 Classe E. <\/span><\/p>\n<p align=\"justify\"><span style=\"font-family: Arial, serif\">A docente \u00e9 Doutora em Gerontologia Biom\u00e9dica pela Pontif\u00edcia Universidade Cat\u00f3lica do Rio Grande do Sul, Mestr<\/span><span style=\"font-family: Arial, serif\">e<\/span><span style=\"font-family: Arial, serif\"> em Enfermagem Psiqui\u00e1trica pela USP &#8211; Escola de Enfermagem de Ribeir\u00e3o Preto, Bacharel e Licencia<\/span><span style=\"font-family: Arial, serif\">da<\/span><span style=\"font-family: Arial, serif\"> em Enfermagem e Obstetr\u00edcia pela UNIJUI. <\/span><span style=\"font-family: Arial, serif\">d<\/span><span style=\"font-family: Arial, serif\">ocente do Programa de P\u00f3s-Gradua\u00e7\u00e3o e Sa\u00fade e Ruralidade da UFSM &#8211; <\/span><span style=\"font-family: Arial, serif\">C<\/span><span style=\"font-family: Arial, serif\">ampus Palmeira das Miss\u00f5es, <\/span><span style=\"font-family: Arial, serif\">d<\/span><span style=\"font-family: Arial, serif\">ocente do Programa de P\u00f3s-Gradua\u00e7\u00e3o em Gerontologia da UFSM; <\/span><span style=\"font-family: Arial, serif\">f<\/span><span style=\"font-family: Arial, serif\">oi l\u00edder do Grupo de Estudos sobre o Cuidado nas Etapas do Desenvolvimento Humano (GECEDH) at\u00e9 o ano de 2024; <\/span><span style=\"font-family: Arial, serif\">c<\/span><span style=\"font-family: Arial, serif\">omp\u00f5e o Banco de Avaliadores do Sistema Nacional de Avalia\u00e7\u00e3o da Educa\u00e7\u00e3o Superior &#8211; BASis\/INEP (Of\u00edcio Circular n 324\/2018\/CGACGIES\/DAES-INEP); <\/span><span style=\"font-family: Arial, serif\">\u00e9<\/span><span style=\"font-family: Arial, serif\"> pesquisadora na \u00e1rea de Gerontologia, com \u00eanfase em: envelhecimento humano, enfermagem na aten\u00e7\u00e3o \u00e0 sa\u00fade do adulto; gerontologia social. A docente esteve \u00e0 frente da gest\u00e3o do P<\/span><span style=\"font-family: Arial, serif\">PGSR<\/span><span style=\"font-family: Arial, serif\"> no per\u00edodo de 2021\/2023. <\/span><\/p>\n<p align=\"justify\"><span style=\"font-family: Arial, serif\">A Coordena\u00e7\u00e3o do Programa de P\u00f3s-Gradua\u00e7\u00e4o em Sa\u00fade e Ruralidade &#8220;parabeniza a docente pela sua caminhada, ao longo desses anos, <\/span><span style=\"font-family: Arial, serif\">sempre c<\/span><span style=\"font-family: Arial, serif\">om muito comprometimento, responsabilidade e dedica\u00e7\u00e3o ao ensino, pesquisa e extens\u00e3o&#8221;.<\/span><\/p>\n<p align=\"justify\">Interessados, poder\u00e3o participar da reuni\u00e3o pelo link\u00a0https:\/\/meet.google.com\/pdt-ybfo-vwx.<\/p>\n<p align=\"justify\"><em>Assessoria de Comunica\u00e7\u00e3o UFSM-PM<\/em><\/p>\n<p align=\"justify\">\u00a0<\/p>\n<p align=\"justify\">\u00a0<\/p>\n","protected":false},"excerpt":{"rendered":"<p>Nesta quarta-feira, 14 de agosto, \u00e0s 8h30min, via Google Meet, a Docente Marin\u00eas Tambara Leite, do Programa de P\u00f3s-Gradua\u00e7\u00e4o em Sa\u00fade e Ruralidade realizar\u00e1 sua Defesa de Memorial para Professora Titular \u2013 Classe E. A docente \u00e9 Doutora em Gerontologia Biom\u00e9dica pela Pontif\u00edcia Universidade Cat\u00f3lica do Rio Grande do Sul, Mestre em Enfermagem Psiqui\u00e1trica pela [&hellip;]<\/p>\n","protected":false},"author":307,"featured_media":8380,"comment_status":"closed","ping_status":"closed","sticky":false,"template":"","format":"standard","meta":{"footnotes":""},"categories":[1],"tags":[],"class_list":["post-8379","post","type-post","status-publish","format-standard","has-post-thumbnail","hentry","category-noticias"],"acf":[],"_links":{"self":[{"href":"https:\/\/www.ufsm.br\/unidades-universitarias\/palmeira-das-missoes\/wp-json\/wp\/v2\/posts\/8379","targetHints":{"allow":["GET"]}}],"collection":[{"href":"https:\/\/www.ufsm.br\/unidades-universitarias\/palmeira-das-missoes\/wp-json\/wp\/v2\/posts"}],"about":[{"href":"https:\/\/www.ufsm.br\/unidades-universitarias\/palmeira-das-missoes\/wp-json\/wp\/v2\/types\/post"}],"author":[{"embeddable":true,"href":"https:\/\/www.ufsm.br\/unidades-universitarias\/palmeira-das-missoes\/wp-json\/wp\/v2\/users\/307"}],"replies":[{"embeddable":true,"href":"https:\/\/www.ufsm.br\/unidades-universitarias\/palmeira-das-missoes\/wp-json\/wp\/v2\/comments?post=8379"}],"version-history":[{"count":0,"href":"https:\/\/www.ufsm.br\/unidades-universitarias\/palmeira-das-missoes\/wp-json\/wp\/v2\/posts\/8379\/revisions"}],"wp:featuredmedia":[{"embeddable":true,"href":"https:\/\/www.ufsm.br\/unidades-universitarias\/palmeira-das-missoes\/wp-json\/wp\/v2\/media\/8380"}],"wp:attachment":[{"href":"https:\/\/www.ufsm.br\/unidades-universitarias\/palmeira-das-missoes\/wp-json\/wp\/v2\/media?parent=8379"}],"wp:term":[{"taxonomy":"category","embeddable":true,"href":"https:\/\/www.ufsm.br\/unidades-universitarias\/palmeira-das-missoes\/wp-json\/wp\/v2\/categories?post=8379"},{"taxonomy":"post_tag","embeddable":true,"href":"https:\/\/www.ufsm.br\/unidades-universitarias\/palmeira-das-missoes\/wp-json\/wp\/v2\/tags?post=8379"}],"curies":[{"name":"wp","href":"https:\/\/api.w.org\/{rel}","templated":true}]}}