{"id":9007,"date":"2025-03-21T10:28:15","date_gmt":"2025-03-21T13:28:15","guid":{"rendered":"https:\/\/www.ufsm.br\/unidades-universitarias\/palmeira-das-missoes\/?p=9007"},"modified":"2025-03-21T10:30:01","modified_gmt":"2025-03-21T13:30:01","slug":"iii-encontro-calculo-mental-em-minha-pratica-metodo-liquen-sera-realizado-no-dia-26-de-marco","status":"publish","type":"post","link":"https:\/\/www.ufsm.br\/unidades-universitarias\/palmeira-das-missoes\/2025\/03\/21\/iii-encontro-calculo-mental-em-minha-pratica-metodo-liquen-sera-realizado-no-dia-26-de-marco","title":{"rendered":"III Encontro \u201cC\u00e1lculo Mental em Minha Pr\u00e1tica: M\u00e9todo L\u00edquen\u201d ser\u00e1 realizado no dia 26 de mar\u00e7o"},"content":{"rendered":"\n<figure class=\"wp-block-gallery has-nested-images columns-default is-cropped wp-block-gallery-1 is-layout-flex wp-block-gallery-is-layout-flex\">\n<figure class=\"wp-block-image size-large\"><img fetchpriority=\"high\" decoding=\"async\" width=\"900\" height=\"895\" data-id=\"9008\" src=\"https:\/\/www.ufsm.br\/app\/uploads\/sites\/378\/2025\/03\/WhatsApp-Image-2025-03-21-at-09.54.48.jpeg\" alt=\"\" class=\"wp-image-9008\" srcset=\"https:\/\/www.ufsm.br\/app\/uploads\/sites\/378\/2025\/03\/WhatsApp-Image-2025-03-21-at-09.54.48.jpeg 900w, https:\/\/www.ufsm.br\/app\/uploads\/sites\/378\/2025\/03\/WhatsApp-Image-2025-03-21-at-09.54.48-300x298.jpeg 300w, https:\/\/www.ufsm.br\/app\/uploads\/sites\/378\/2025\/03\/WhatsApp-Image-2025-03-21-at-09.54.48-150x150.jpeg 150w, https:\/\/www.ufsm.br\/app\/uploads\/sites\/378\/2025\/03\/WhatsApp-Image-2025-03-21-at-09.54.48-768x764.jpeg 768w\" sizes=\"(max-width: 900px) 100vw, 900px\" \/><\/figure>\n\n\n\n<figure class=\"wp-block-image size-large\"><img decoding=\"async\" width=\"895\" height=\"897\" data-id=\"9009\" src=\"https:\/\/www.ufsm.br\/app\/uploads\/sites\/378\/2025\/03\/WhatsApp-Image-2025-03-21-at-09.54.50.jpeg\" alt=\"\" class=\"wp-image-9009\" srcset=\"https:\/\/www.ufsm.br\/app\/uploads\/sites\/378\/2025\/03\/WhatsApp-Image-2025-03-21-at-09.54.50.jpeg 895w, https:\/\/www.ufsm.br\/app\/uploads\/sites\/378\/2025\/03\/WhatsApp-Image-2025-03-21-at-09.54.50-300x300.jpeg 300w, https:\/\/www.ufsm.br\/app\/uploads\/sites\/378\/2025\/03\/WhatsApp-Image-2025-03-21-at-09.54.50-150x150.jpeg 150w, https:\/\/www.ufsm.br\/app\/uploads\/sites\/378\/2025\/03\/WhatsApp-Image-2025-03-21-at-09.54.50-768x770.jpeg 768w\" sizes=\"(max-width: 895px) 100vw, 895px\" \/><\/figure>\n<\/figure>\n\n\n\n<p data-start=\"97\" data-end=\"386\">No dia <strong data-start=\"104\" data-end=\"127\">26 de mar\u00e7o, \u00e0s 19h<\/strong>, ser\u00e1 realizado o <strong data-start=\"146\" data-end=\"211\">III Encontro \u201cC\u00e1lculo Mental em Minha Pr\u00e1tica: M\u00e9todo L\u00edquen\u201d<\/strong>. O evento ser\u00e1 <strong data-start=\"227\" data-end=\"249\">virtual e gratuito<\/strong>, voltado para <strong data-start=\"264\" data-end=\"338\">professores, equipe diretiva, pais, respons\u00e1veis e demais interessados<\/strong> no aprimoramento do ensino do <strong>c\u00e1lculo mental<\/strong>.<\/p>\n<p data-start=\"388\" data-end=\"733\">Com 10 anos de trabalho, o <a href=\"https:\/\/metodoliquen.com.br\/\"><strong data-start=\"419\" data-end=\"436\">M\u00e9todo L\u00edquen<\/strong><\/a> j\u00e1 est\u00e1 presente em 30 escolas, com 138 turmas e 2453 alunos. Criado em 2014 pela professora Sabrina Zancan, do Departamento de Zootecnia e Ci\u00eancias Biol\u00f3gicas da UFSM-PM, o m\u00e9todo vem ganhando cada vez mais espa\u00e7o nas escolas, com um material did\u00e1tico e uma metodologia espec\u00edfica para o desenvolvimento das<strong> habilidades matem\u00e1ticas<\/strong>.<\/p>\n<p data-start=\"735\" data-end=\"892\">O encontro tem como objetivo alinhar as a\u00e7\u00f5es dos profissionais que aplicam o m\u00e9todo, revisar sua metodologia e refor\u00e7ar o entendimento sobre sua proposta.<\/p>\n<p data-start=\"894\" data-end=\"1101\">\ud83d\udccc <strong data-start=\"897\" data-end=\"920\">Inscri\u00e7\u00f5es abertas: <a href=\"https:\/\/forms.gle\/3d3Mo2PkGFKuZjki7\">CLIQUE AQUI<\/a><\/strong><br data-start=\"995\" data-end=\"998\" \/>\ud83d\udd0e <strong data-start=\"1001\" data-end=\"1038\">Saiba mais sobre o M\u00e9todo L\u00edquen:<\/strong> <a href=\"https:\/\/metodoliquen.com.br\/\" target=\"_new\" rel=\"noopener\" data-start=\"1039\" data-end=\"1099\">https:\/\/metodoliquen.com.br\/<\/a><\/p>\n<p data-start=\"1103\" data-end=\"1204\" data-is-last-node=\"\" data-is-only-node=\"\">Essa \u00e9 uma grande oportunidade de aprofundar conhecimentos e fortalecer o ensino do c\u00e1lculo mental nas escolas. Para d\u00favidas e mais informa\u00e7\u00f5es entre em contato atrav\u00e9s do e-mail<a title=\"contato@metodoliquen.com.br\" href=\"https:\/\/metodoliquen.com.br\/index.php\/contato1\" target=\"_self\" aria-label=\"contato@metodoliquen.com.br\"><span class=\"g-social-text\"> contato@metodoliquen.com.br<\/span><\/a> ou pelo WhatsApp (55) 99638-2887.<\/p>\n<p data-start=\"1103\" data-end=\"1204\" data-is-last-node=\"\" data-is-only-node=\"\"><em>Assessoria de Comunica\u00e7\u00e3o UFSM-PM<\/em><\/p>\n","protected":false},"excerpt":{"rendered":"<p>No dia 26 de mar\u00e7o, \u00e0s 19h, ser\u00e1 realizado o III Encontro \u201cC\u00e1lculo Mental em Minha Pr\u00e1tica: M\u00e9todo L\u00edquen\u201d. O evento ser\u00e1 virtual e gratuito, voltado para professores, equipe diretiva, pais, respons\u00e1veis e demais interessados no aprimoramento do ensino do c\u00e1lculo mental. Com 10 anos de trabalho, o M\u00e9todo L\u00edquen j\u00e1 est\u00e1 presente em 30 [&hellip;]<\/p>\n","protected":false},"author":307,"featured_media":9008,"comment_status":"closed","ping_status":"closed","sticky":false,"template":"","format":"standard","meta":{"footnotes":""},"categories":[1],"tags":[],"class_list":["post-9007","post","type-post","status-publish","format-standard","has-post-thumbnail","hentry","category-noticias"],"acf":[],"_links":{"self":[{"href":"https:\/\/www.ufsm.br\/unidades-universitarias\/palmeira-das-missoes\/wp-json\/wp\/v2\/posts\/9007","targetHints":{"allow":["GET"]}}],"collection":[{"href":"https:\/\/www.ufsm.br\/unidades-universitarias\/palmeira-das-missoes\/wp-json\/wp\/v2\/posts"}],"about":[{"href":"https:\/\/www.ufsm.br\/unidades-universitarias\/palmeira-das-missoes\/wp-json\/wp\/v2\/types\/post"}],"author":[{"embeddable":true,"href":"https:\/\/www.ufsm.br\/unidades-universitarias\/palmeira-das-missoes\/wp-json\/wp\/v2\/users\/307"}],"replies":[{"embeddable":true,"href":"https:\/\/www.ufsm.br\/unidades-universitarias\/palmeira-das-missoes\/wp-json\/wp\/v2\/comments?post=9007"}],"version-history":[{"count":0,"href":"https:\/\/www.ufsm.br\/unidades-universitarias\/palmeira-das-missoes\/wp-json\/wp\/v2\/posts\/9007\/revisions"}],"wp:featuredmedia":[{"embeddable":true,"href":"https:\/\/www.ufsm.br\/unidades-universitarias\/palmeira-das-missoes\/wp-json\/wp\/v2\/media\/9008"}],"wp:attachment":[{"href":"https:\/\/www.ufsm.br\/unidades-universitarias\/palmeira-das-missoes\/wp-json\/wp\/v2\/media?parent=9007"}],"wp:term":[{"taxonomy":"category","embeddable":true,"href":"https:\/\/www.ufsm.br\/unidades-universitarias\/palmeira-das-missoes\/wp-json\/wp\/v2\/categories?post=9007"},{"taxonomy":"post_tag","embeddable":true,"href":"https:\/\/www.ufsm.br\/unidades-universitarias\/palmeira-das-missoes\/wp-json\/wp\/v2\/tags?post=9007"}],"curies":[{"name":"wp","href":"https:\/\/api.w.org\/{rel}","templated":true}]}}