{"id":9051,"date":"2025-03-27T15:31:26","date_gmt":"2025-03-27T18:31:26","guid":{"rendered":"https:\/\/www.ufsm.br\/unidades-universitarias\/palmeira-das-missoes\/?p=9051"},"modified":"2025-03-27T16:10:39","modified_gmt":"2025-03-27T19:10:39","slug":"docente-da-ufsm-pm-recebe-voto-de-congratulacao-na-camara-de-vereadores-de-palmeira-das-missoes","status":"publish","type":"post","link":"https:\/\/www.ufsm.br\/unidades-universitarias\/palmeira-das-missoes\/2025\/03\/27\/docente-da-ufsm-pm-recebe-voto-de-congratulacao-na-camara-de-vereadores-de-palmeira-das-missoes","title":{"rendered":"Docente da UFSM-PM recebe Voto de Congratula\u00e7\u00e3o na C\u00e2mara de Vereadores de Palmeira das Miss\u00f5es"},"content":{"rendered":"<div class=\"wp-block-image\">\n<figure class=\"alignleft size-large is-resized\"><img decoding=\"async\" src=\"https:\/\/www.ufsm.br\/app\/uploads\/sites\/378\/2025\/03\/WhatsApp-Image-2025-03-25-at-21.09.18-edited.jpeg\" alt=\"\" class=\"wp-image-9053\" style=\"width:581px;height:auto\" \/><figcaption class=\"wp-element-caption\">Sabrina Zancan recebeu um Voto de Congratula\u00e7\u00e3o pela cria\u00e7\u00e3o e desenvolvimento do M\u00e9todo L\u00edquen, que estimula o c\u00e1lculo mental nas crian\u00e7as dos anos iniciais.<\/figcaption><\/figure>\n<\/div>\n\n\n<p data-pm-slice=\"1 1 []\">Na sess\u00e3o da <a href=\"https:\/\/www.palmeiradasmissoes.rs.leg.br\/\">C\u00e2mara de Vereadores de Palmeira das Miss\u00f5es<\/a>, realizada na \u00faltima segunda-feira (24), a professora Sabrina Zancan, docente da Universidade Federal de Santa Maria campus Palmeira das Miss\u00f5es, recebeu um <strong>Voto de Congratula\u00e7\u00e3o<\/strong> da vereadora Rosangela Ghellar. A educadora recebeu um Voto de Congratula\u00e7\u00e3o pela cria\u00e7\u00e3o e desenvolvimento do <a href=\"https:\/\/metodoliquen.com.br\/\"><strong>M\u00e9todo L\u00edquen<\/strong><\/a>, uma iniciativa que tem impactado significativamente a forma\u00e7\u00e3o e a trajet\u00f3ria de crian\u00e7as, especialmente no aprendizado da matem\u00e1tica e no desenvolvimento do racioc\u00ednio l\u00f3gico. O M\u00e9todo L\u00edquen \u00e9 um m\u00e9todo de ensino aplic\u00e1vel aos anos iniciais, com o objetivo de construir os conhecimentos necess\u00e1rios ao desenvolvimento do <strong>c\u00e1lculo mental<\/strong>.<\/p>\n<p>Durante a cerim\u00f4nia, foi entregue uma men\u00e7\u00e3o honrosa \u00e0 professora Sabrina. O diretor da UFSM-PM, professor Adriano Lago, destacou a relev\u00e2ncia do projeto, enfatizando seu impacto na educa\u00e7\u00e3o infantil. &#8220;Este m\u00e9todo que a professora Sabrina inventou atrav\u00e9s das suas pesquisas e trabalho, teve um resultado bastante importante. Meu filho Matteo, por exemplo, foi alfabetizado e introduzido na matem\u00e1tica com o M\u00e9todo L\u00edquen. Desde cedo, ele nunca contou nos dedos e desenvolveu um racioc\u00ednio muito bom para matem\u00e1tica, opera\u00e7\u00f5es b\u00e1sicas e c\u00e1lculo gra\u00e7as ao treinamento com este m\u00e9todo.&#8221;<\/p>\n\n\n<div class=\"wp-block-image\">\n<figure class=\"alignright size-large is-resized\"><img fetchpriority=\"high\" decoding=\"async\" width=\"1024\" height=\"682\" src=\"https:\/\/www.ufsm.br\/app\/uploads\/sites\/378\/2025\/03\/WhatsApp-Image-2025-03-25-at-21.09.19-1024x682.jpeg\" alt=\"\" class=\"wp-image-9054\" style=\"width:689px;height:auto\" srcset=\"https:\/\/www.ufsm.br\/app\/uploads\/sites\/378\/2025\/03\/WhatsApp-Image-2025-03-25-at-21.09.19-1024x682.jpeg 1024w, https:\/\/www.ufsm.br\/app\/uploads\/sites\/378\/2025\/03\/WhatsApp-Image-2025-03-25-at-21.09.19-300x200.jpeg 300w, https:\/\/www.ufsm.br\/app\/uploads\/sites\/378\/2025\/03\/WhatsApp-Image-2025-03-25-at-21.09.19-768x512.jpeg 768w, https:\/\/www.ufsm.br\/app\/uploads\/sites\/378\/2025\/03\/WhatsApp-Image-2025-03-25-at-21.09.19-272x182.jpeg 272w, https:\/\/www.ufsm.br\/app\/uploads\/sites\/378\/2025\/03\/WhatsApp-Image-2025-03-25-at-21.09.19.jpeg 1280w\" sizes=\"(max-width: 1024px) 100vw, 1024px\" \/><figcaption class=\"wp-element-caption\">Com 10 anos de trabalho, o&nbsp;M\u00e9todo L\u00edquen&nbsp;j\u00e1 est\u00e1 presente em 30 escolas, com 138 turmas e 2453 alunos.&nbsp;<\/figcaption><\/figure>\n<\/div>\n\n\n<p data-pm-slice=\"1 1 []\">A professora Sabrina expressou sua gratid\u00e3o pelo reconhecimento. &#8220;Outro dia especial em minha vida. Agrade\u00e7o o reconhecimento e a homenagem da professora e vereadora Rosangela. Agrade\u00e7o \u00e0s professoras que acreditaram em uma ideia e fizeram ela se transformar no M\u00e9todo L\u00edquen. Minha gratid\u00e3o a todos e \u00e0 minha amiga Danilene, que agora vive o M\u00e9todo L\u00edquen comigo. Obrigada, Dani! Agrade\u00e7o \u00e0 UFSM pelo est\u00edmulo \u00e0 Extens\u00e3o. Obrigada!&#8221;<\/p>\n<p>Ela ainda ressaltou que o sucesso do M\u00e9todo L\u00edquen se deve ao apoio dos professores: &#8220;Se n\u00e3o fosse pelos professores, a minha ideia n\u00e3o teria crescido tanto e n\u00e3o teria chegado ao Matteo e a todas as crian\u00e7as que atendemos, muito obrigada!&#8221;<\/p>\n<p>O M\u00e9todo L\u00edquen segue transformando a educa\u00e7\u00e3o e contribuindo para o desenvolvimento das crian\u00e7as, refor\u00e7ando a import\u00e2ncia da inova\u00e7\u00e3o no ensino. Para saber mais, acesse o site do <a href=\"https:\/\/metodoliquen.com.br\/\"><strong>M\u00e9todo L\u00edquen<\/strong><\/a>, ou entre em contato pelo e-mail <a title=\"contato@metodoliquen.com.br\" href=\"https:\/\/metodoliquen.com.br\/index.php\/contato1\" target=\"_self\" aria-label=\"contato@metodoliquen.com.br\"><span class=\"g-social-text\">contato@metodoliquen.com.br<\/span><\/a>.<\/p>\n<p><em>Assessoria de Comunica\u00e7\u00e3o UFSM-PM<\/em><\/p>\n\n\n","protected":false},"excerpt":{"rendered":"<p>Na sess\u00e3o da C\u00e2mara de Vereadores de Palmeira das Miss\u00f5es, realizada na \u00faltima segunda-feira (24), a professora Sabrina Zancan, docente da Universidade Federal de Santa Maria campus Palmeira das Miss\u00f5es, recebeu um Voto de Congratula\u00e7\u00e3o da vereadora Rosangela Ghellar. A educadora recebeu um Voto de Congratula\u00e7\u00e3o pela cria\u00e7\u00e3o e desenvolvimento do M\u00e9todo L\u00edquen, uma iniciativa [&hellip;]<\/p>\n","protected":false},"author":307,"featured_media":9052,"comment_status":"closed","ping_status":"closed","sticky":false,"template":"","format":"standard","meta":{"footnotes":""},"categories":[1],"tags":[],"class_list":["post-9051","post","type-post","status-publish","format-standard","has-post-thumbnail","hentry","category-noticias"],"acf":[],"_links":{"self":[{"href":"https:\/\/www.ufsm.br\/unidades-universitarias\/palmeira-das-missoes\/wp-json\/wp\/v2\/posts\/9051","targetHints":{"allow":["GET"]}}],"collection":[{"href":"https:\/\/www.ufsm.br\/unidades-universitarias\/palmeira-das-missoes\/wp-json\/wp\/v2\/posts"}],"about":[{"href":"https:\/\/www.ufsm.br\/unidades-universitarias\/palmeira-das-missoes\/wp-json\/wp\/v2\/types\/post"}],"author":[{"embeddable":true,"href":"https:\/\/www.ufsm.br\/unidades-universitarias\/palmeira-das-missoes\/wp-json\/wp\/v2\/users\/307"}],"replies":[{"embeddable":true,"href":"https:\/\/www.ufsm.br\/unidades-universitarias\/palmeira-das-missoes\/wp-json\/wp\/v2\/comments?post=9051"}],"version-history":[{"count":0,"href":"https:\/\/www.ufsm.br\/unidades-universitarias\/palmeira-das-missoes\/wp-json\/wp\/v2\/posts\/9051\/revisions"}],"wp:featuredmedia":[{"embeddable":true,"href":"https:\/\/www.ufsm.br\/unidades-universitarias\/palmeira-das-missoes\/wp-json\/wp\/v2\/media\/9052"}],"wp:attachment":[{"href":"https:\/\/www.ufsm.br\/unidades-universitarias\/palmeira-das-missoes\/wp-json\/wp\/v2\/media?parent=9051"}],"wp:term":[{"taxonomy":"category","embeddable":true,"href":"https:\/\/www.ufsm.br\/unidades-universitarias\/palmeira-das-missoes\/wp-json\/wp\/v2\/categories?post=9051"},{"taxonomy":"post_tag","embeddable":true,"href":"https:\/\/www.ufsm.br\/unidades-universitarias\/palmeira-das-missoes\/wp-json\/wp\/v2\/tags?post=9051"}],"curies":[{"name":"wp","href":"https:\/\/api.w.org\/{rel}","templated":true}]}}