{"id":9087,"date":"2025-04-08T10:22:47","date_gmt":"2025-04-08T13:22:47","guid":{"rendered":"https:\/\/www.ufsm.br\/unidades-universitarias\/palmeira-das-missoes\/?p=9087"},"modified":"2025-04-08T10:22:49","modified_gmt":"2025-04-08T13:22:49","slug":"campanha-de-pascoa-arrecada-doces-para-criancas-da-pastoral-da-crianca-em-palmeira-das-missoes","status":"publish","type":"post","link":"https:\/\/www.ufsm.br\/unidades-universitarias\/palmeira-das-missoes\/2025\/04\/08\/campanha-de-pascoa-arrecada-doces-para-criancas-da-pastoral-da-crianca-em-palmeira-das-missoes","title":{"rendered":"Campanha de P\u00e1scoa arrecada doces para crian\u00e7as da Pastoral da Crian\u00e7a em Palmeira das Miss\u00f5es"},"content":{"rendered":"<div class=\"wp-block-image\">\n<figure class=\"alignleft size-large is-resized\"><img fetchpriority=\"high\" decoding=\"async\" width=\"819\" height=\"1024\" src=\"https:\/\/www.ufsm.br\/app\/uploads\/sites\/378\/2025\/04\/WhatsApp-Image-2025-04-08-at-10.21.09-819x1024.jpeg\" alt=\"\" class=\"wp-image-9088\" style=\"width:446px;height:auto\" srcset=\"https:\/\/www.ufsm.br\/app\/uploads\/sites\/378\/2025\/04\/WhatsApp-Image-2025-04-08-at-10.21.09-819x1024.jpeg 819w, https:\/\/www.ufsm.br\/app\/uploads\/sites\/378\/2025\/04\/WhatsApp-Image-2025-04-08-at-10.21.09-240x300.jpeg 240w, https:\/\/www.ufsm.br\/app\/uploads\/sites\/378\/2025\/04\/WhatsApp-Image-2025-04-08-at-10.21.09-768x960.jpeg 768w, https:\/\/www.ufsm.br\/app\/uploads\/sites\/378\/2025\/04\/WhatsApp-Image-2025-04-08-at-10.21.09.jpeg 1080w\" sizes=\"(max-width: 819px) 100vw, 819px\" \/><\/figure>\n<\/div>\n\n\n<p class=\"\" data-start=\"191\" data-end=\"509\">A <strong>P\u00e1scoa<\/strong> est\u00e1 chegando e, com ela, a oportunidade de espalhar alegria e solidariedade. A UFSM campus Palmeira das Miss\u00f5es, por meio do projeto de extens\u00e3o <em data-start=\"346\" data-end=\"366\">Partilhar e Nutrir<\/em> e do curso de Nutri\u00e7\u00e3o, est\u00e1 promovendo uma <strong>campanha de arrecada\u00e7\u00e3o de doces<\/strong> em parceria com a Par\u00f3quia Santo Ant\u00f4nio e a Pastoral da Crian\u00e7a.<\/p>\n<p class=\"\" data-start=\"511\" data-end=\"801\">Coordenada pela professora Maritiele Naissinger Da Silva, docente do curso de Nutri\u00e7\u00e3o, a iniciativa tem como objetivo tornar a P\u00e1scoa das crian\u00e7as atendidas pela Pastoral da Crian\u00e7a ainda mais doce. A campanha convida toda a comunidade acad\u00eamica e local a contribuir com doa\u00e7\u00f5es de<strong> balas, bombons e pirulitos<\/strong>.<\/p>\n<p class=\"\" data-start=\"803\" data-end=\"905\">As doa\u00e7\u00f5es podem ser entregues at\u00e9 a pr\u00f3xima <strong data-start=\"838\" data-end=\"872\">segunda-feira, dia 14 de abril<\/strong>, nos seguintes pontos de coleta:<\/p>\n<ul data-start=\"906\" data-end=\"993\">\n<li class=\"\" data-start=\"906\" data-end=\"952\">\n<p class=\"\" data-start=\"908\" data-end=\"952\">Secretaria Paroquial da Igreja Santo Ant\u00f4nio<\/p>\n<\/li>\n<li class=\"\" data-start=\"953\" data-end=\"993\">\n<p class=\"\" data-start=\"955\" data-end=\"993\">Hall de entrada do Pr\u00e9dio 1 da UFSM-PM<\/p>\n<\/li>\n<\/ul>\n<p class=\"\" data-start=\"995\" data-end=\"1123\">Com gestos simples, podemos fazer a diferen\u00e7a na vida de muitas crian\u00e7as. Participe e compartilhe a alegria desta data especial!<\/p>\n<p data-start=\"995\" data-end=\"1123\"><em>Assessoria de Comunica\u00e7\u00e3o UFSM-PM<\/em><\/p>\n","protected":false},"excerpt":{"rendered":"<p>A P\u00e1scoa est\u00e1 chegando e, com ela, a oportunidade de espalhar alegria e solidariedade. A UFSM campus Palmeira das Miss\u00f5es, por meio do projeto de extens\u00e3o Partilhar e Nutrir e do curso de Nutri\u00e7\u00e3o, est\u00e1 promovendo uma campanha de arrecada\u00e7\u00e3o de doces em parceria com a Par\u00f3quia Santo Ant\u00f4nio e a Pastoral da Crian\u00e7a. Coordenada [&hellip;]<\/p>\n","protected":false},"author":307,"featured_media":9088,"comment_status":"closed","ping_status":"closed","sticky":false,"template":"","format":"standard","meta":{"footnotes":""},"categories":[1],"tags":[],"class_list":["post-9087","post","type-post","status-publish","format-standard","has-post-thumbnail","hentry","category-noticias"],"acf":[],"_links":{"self":[{"href":"https:\/\/www.ufsm.br\/unidades-universitarias\/palmeira-das-missoes\/wp-json\/wp\/v2\/posts\/9087","targetHints":{"allow":["GET"]}}],"collection":[{"href":"https:\/\/www.ufsm.br\/unidades-universitarias\/palmeira-das-missoes\/wp-json\/wp\/v2\/posts"}],"about":[{"href":"https:\/\/www.ufsm.br\/unidades-universitarias\/palmeira-das-missoes\/wp-json\/wp\/v2\/types\/post"}],"author":[{"embeddable":true,"href":"https:\/\/www.ufsm.br\/unidades-universitarias\/palmeira-das-missoes\/wp-json\/wp\/v2\/users\/307"}],"replies":[{"embeddable":true,"href":"https:\/\/www.ufsm.br\/unidades-universitarias\/palmeira-das-missoes\/wp-json\/wp\/v2\/comments?post=9087"}],"version-history":[{"count":0,"href":"https:\/\/www.ufsm.br\/unidades-universitarias\/palmeira-das-missoes\/wp-json\/wp\/v2\/posts\/9087\/revisions"}],"wp:featuredmedia":[{"embeddable":true,"href":"https:\/\/www.ufsm.br\/unidades-universitarias\/palmeira-das-missoes\/wp-json\/wp\/v2\/media\/9088"}],"wp:attachment":[{"href":"https:\/\/www.ufsm.br\/unidades-universitarias\/palmeira-das-missoes\/wp-json\/wp\/v2\/media?parent=9087"}],"wp:term":[{"taxonomy":"category","embeddable":true,"href":"https:\/\/www.ufsm.br\/unidades-universitarias\/palmeira-das-missoes\/wp-json\/wp\/v2\/categories?post=9087"},{"taxonomy":"post_tag","embeddable":true,"href":"https:\/\/www.ufsm.br\/unidades-universitarias\/palmeira-das-missoes\/wp-json\/wp\/v2\/tags?post=9087"}],"curies":[{"name":"wp","href":"https:\/\/api.w.org\/{rel}","templated":true}]}}