{"id":9719,"date":"2026-03-04T11:38:12","date_gmt":"2026-03-04T14:38:12","guid":{"rendered":"https:\/\/www.ufsm.br\/unidades-universitarias\/palmeira-das-missoes\/?p=9719"},"modified":"2026-03-04T11:39:53","modified_gmt":"2026-03-04T14:39:53","slug":"ufsm-pm-se-destaca-com-o-maior-percentual-de-participacao-nas-acoes-de-capacitacao-docente","status":"publish","type":"post","link":"https:\/\/www.ufsm.br\/unidades-universitarias\/palmeira-das-missoes\/2026\/03\/04\/ufsm-pm-se-destaca-com-o-maior-percentual-de-participacao-nas-acoes-de-capacitacao-docente","title":{"rendered":"UFSM-PM se destaca com o maior percentual de participa\u00e7\u00e3o nas a\u00e7\u00f5es de capacita\u00e7\u00e3o docente"},"content":{"rendered":"\n<details class=\"wp-block-details is-layout-flow wp-block-details-is-layout-flow\"><summary><strong>Relat\u00f3rio de participa\u00e7\u00e3o em capacita\u00e7\u00f5es docente &#8211; PALMEIRA DAS MISS\u00d5ES- 2025<\/strong><br><\/summary>\n<div data-wp-interactive=\"core\/file\" class=\"wp-block-file aligncenter\"><object data-wp-bind--hidden=\"!state.hasPdfPreview\" hidden class=\"wp-block-file__embed\" data=\"https:\/\/www.ufsm.br\/app\/uploads\/sites\/378\/2026\/03\/PARTICIPACAO-DOCENTE-CAMPUS-PALMEIRA-DAS-MISSOES.docx.pdf\" type=\"application\/pdf\" style=\"width:100%;height:370px\" aria-label=\"Incorporado de PARTICIPA\u00c7\u00c3O DOCENTE- CAMPUS PALMEIRA DAS MISS\u00d5ES.docx.\"><\/object><a id=\"wp-block-file--media-c2ef2e24-6845-4934-8c6f-66fe011bb567\" href=\"https:\/\/www.ufsm.br\/app\/uploads\/sites\/378\/2026\/03\/PARTICIPACAO-DOCENTE-CAMPUS-PALMEIRA-DAS-MISSOES.docx.pdf\">PARTICIPA\u00c7\u00c3O DOCENTE- CAMPUS PALMEIRA DAS MISS\u00d5ES.docx<\/a><a href=\"https:\/\/www.ufsm.br\/app\/uploads\/sites\/378\/2026\/03\/PARTICIPACAO-DOCENTE-CAMPUS-PALMEIRA-DAS-MISSOES.docx.pdf\" class=\"wp-block-file__button wp-element-button\" download aria-describedby=\"wp-block-file--media-c2ef2e24-6845-4934-8c6f-66fe011bb567\">Baixar<\/a><\/div>\n<\/details>\n\n\n\n<p><span style=\"font-weight: 400\">De acordo com relat\u00f3rio que trata da participa\u00e7\u00e3o em capacita\u00e7\u00e3o docente no ano de 2025. o campus Palmeira das Miss\u00f5es se destacou como a unidade mais participativa. A UFSM-PM apresentou o<\/span><b> maior percentual de participa\u00e7\u00e3o nas a\u00e7\u00f5es de capacita\u00e7\u00f5es (43,5%)<\/b><span style=\"font-weight: 400\">, indicando uma expressiva ades\u00e3o dos docentes \u00e0s a\u00e7\u00f5es e uma forte apropria\u00e7\u00e3o das propostas formativas no contexto do campus, consolidando-se como refer\u00eancia institucional no que se refere \u00e0 ades\u00e3o \u00e0s pol\u00edticas de desenvolvimento de pessoas.<\/span><\/p>\n<p><span style=\"font-weight: 400\">Os dados t\u00eam como objetivo subsidiar o planejamento das a\u00e7\u00f5es formativas, o acompanhamento do desenvolvimento de pessoas e a avalia\u00e7\u00e3o do alcance das pol\u00edticas institucionais de capacita\u00e7\u00e3o. Tamb\u00e9m buscam revelar os desafios encontrados, principalmente quanto \u00e0 equidade de participa\u00e7\u00e3o entre departamentos e \u00e0 necessidade de maior aprofundamento formativo, especialmente por meio de cursos e a\u00e7\u00f5es continuadas.<\/span><\/p>\n\n\n\n\n","protected":false},"excerpt":{"rendered":"<p>De acordo com relat\u00f3rio que trata da participa\u00e7\u00e3o em capacita\u00e7\u00e3o docente no ano de 2025. o campus Palmeira das Miss\u00f5es se destacou como a unidade mais participativa. A UFSM-PM apresentou o maior percentual de participa\u00e7\u00e3o nas a\u00e7\u00f5es de capacita\u00e7\u00f5es (43,5%), indicando uma expressiva ades\u00e3o dos docentes \u00e0s a\u00e7\u00f5es e uma forte apropria\u00e7\u00e3o das propostas formativas [&hellip;]<\/p>\n","protected":false},"author":307,"featured_media":9721,"comment_status":"closed","ping_status":"closed","sticky":false,"template":"","format":"standard","meta":{"footnotes":""},"categories":[1],"tags":[],"class_list":["post-9719","post","type-post","status-publish","format-standard","has-post-thumbnail","hentry","category-noticias"],"acf":[],"_links":{"self":[{"href":"https:\/\/www.ufsm.br\/unidades-universitarias\/palmeira-das-missoes\/wp-json\/wp\/v2\/posts\/9719","targetHints":{"allow":["GET"]}}],"collection":[{"href":"https:\/\/www.ufsm.br\/unidades-universitarias\/palmeira-das-missoes\/wp-json\/wp\/v2\/posts"}],"about":[{"href":"https:\/\/www.ufsm.br\/unidades-universitarias\/palmeira-das-missoes\/wp-json\/wp\/v2\/types\/post"}],"author":[{"embeddable":true,"href":"https:\/\/www.ufsm.br\/unidades-universitarias\/palmeira-das-missoes\/wp-json\/wp\/v2\/users\/307"}],"replies":[{"embeddable":true,"href":"https:\/\/www.ufsm.br\/unidades-universitarias\/palmeira-das-missoes\/wp-json\/wp\/v2\/comments?post=9719"}],"version-history":[{"count":0,"href":"https:\/\/www.ufsm.br\/unidades-universitarias\/palmeira-das-missoes\/wp-json\/wp\/v2\/posts\/9719\/revisions"}],"wp:featuredmedia":[{"embeddable":true,"href":"https:\/\/www.ufsm.br\/unidades-universitarias\/palmeira-das-missoes\/wp-json\/wp\/v2\/media\/9721"}],"wp:attachment":[{"href":"https:\/\/www.ufsm.br\/unidades-universitarias\/palmeira-das-missoes\/wp-json\/wp\/v2\/media?parent=9719"}],"wp:term":[{"taxonomy":"category","embeddable":true,"href":"https:\/\/www.ufsm.br\/unidades-universitarias\/palmeira-das-missoes\/wp-json\/wp\/v2\/categories?post=9719"},{"taxonomy":"post_tag","embeddable":true,"href":"https:\/\/www.ufsm.br\/unidades-universitarias\/palmeira-das-missoes\/wp-json\/wp\/v2\/tags?post=9719"}],"curies":[{"name":"wp","href":"https:\/\/api.w.org\/{rel}","templated":true}]}}