{"id":11782,"date":"2026-06-08T08:43:29","date_gmt":"2026-06-08T11:43:29","guid":{"rendered":"https:\/\/www.ufsm.br\/unidades-universitarias\/politecnico\/?p=11782"},"modified":"2026-06-08T08:43:32","modified_gmt":"2026-06-08T11:43:32","slug":"selecao-de-bolsista-para-projeto-de-ensino-no-058685-revista-de-gestao-e-organizacoes-coorporativas-rgc","status":"publish","type":"post","link":"https:\/\/www.ufsm.br\/unidades-universitarias\/politecnico\/2026\/06\/08\/selecao-de-bolsista-para-projeto-de-ensino-no-058685-revista-de-gestao-e-organizacoes-coorporativas-rgc","title":{"rendered":"Sele\u00e7\u00e3o de Bolsista para Projeto de Ensino N\u00ba 058685 &#8211; Revista de Gest\u00e3o e Organiza\u00e7\u00f5es Coorporativas &#8211; RGC"},"content":{"rendered":"\n<h4>1. DA BOLSA<\/h4>\n<table style=\"border-collapse: collapse;width: 100%\">\n<tbody>\n<tr>\n<th style=\"width: 18.9946%\">N\u00ba Projeto<\/th>\n<td style=\"width: 81.0054%;text-align: center\"><strong>058685<\/strong><\/td>\n<\/tr>\n<tr>\n<th style=\"width: 18.9946%\">T\u00edtulo projeto<\/th>\n<td style=\"width: 81.0054%\">REVISTA DE GEST\u00c3O E ORGANIZA\u00c7\u00d5ES COOPERATIVAS RGC<\/td>\n<\/tr>\n<tr>\n<th style=\"width: 18.9946%\">Atribui\u00e7\u00f5es do bolsista<\/th>\n<td style=\"width: 81.0054%\">\n<ol>\n<li>Atualiza\u00e7\u00f5es das not\u00edcias<\/li>\n<li>Diagrama\u00e7\u00e3o dos artigos recebidos e avaliados<\/li>\n<li>Aux\u00edlio \u00e0s normas e procedimentos legais de produ\u00e7\u00e3o de peri\u00f3dicos da UFSM.<\/li>\n<li>Busca de indexa\u00e7\u00f5es e Publica\u00e7\u00e3o das Edi\u00e7\u00f5es no Portal de Peri\u00f3dicos da UFSM<\/li>\n<li>Gerenciamento de Edi\u00e7\u00f5es da RGC<\/li>\n<li>Desenvolvimento da RGC no ambiente interinstitucional e internacional<\/li>\n<li>Comunica\u00e7\u00e3o com autores e avaliadores<\/li>\n<li>Levantamento de Estat\u00edsticas do Peri\u00f3dico<\/li>\n<li>Elabora\u00e7\u00e3o do relat\u00f3rio final do projeto<\/li>\n<li>Apresenta\u00e7\u00e3o de trabalho na JAI<\/li>\n<\/ol>\n<\/td>\n<\/tr>\n<tr>\n<th style=\"width: 18.9946%\">N\u00ba de bolsas<\/th>\n<td style=\"width: 81.0054%\">01<\/td>\n<\/tr>\n<\/tbody>\n<\/table>\n<h4>2. DO CRONOGRAMA<\/h4>\n<table style=\"width: 100%\">\n<tbody>\n<tr>\n<th style=\"width: 50.3454%\">ETAPA<\/th>\n<th style=\"width: 49.1174%\">DATA<\/th>\n<\/tr>\n<tr>\n<td style=\"width: 50.3454%\">Per\u00edodo de inscri\u00e7\u00f5es<\/td>\n<td style=\"width: 49.1174%;text-align: center\">de 08\/06\/2026 a 12\/06\/2026<\/td>\n<\/tr>\n<tr>\n<td style=\"width: 50.3454%\">Lista de candidatos(as) homologados(as)<\/td>\n<td style=\"width: 49.1174%;text-align: center\">15\/06\/2026<\/td>\n<\/tr>\n<tr>\n<td style=\"width: 50.3454%\">Per\u00edodo destinado \u00e0 realiza\u00e7\u00e3o das entrevistas<\/td>\n<td style=\"width: 49.1174%;text-align: center\">de 17\/06\/2026 a 19\/06\/2026<\/td>\n<\/tr>\n<tr>\n<td style=\"width: 50.3454%\">Publica\u00e7\u00e3o do Resultado final da sele\u00e7\u00e3o<\/td>\n<td style=\"width: 49.1174%;text-align: center\">22\/06\/2026<\/td>\n<\/tr>\n<tr>\n<td style=\"width: 50.3454%\">In\u00edcio da atua\u00e7\u00e3o do(a) bolsista<\/td>\n<td style=\"width: 49.1174%;text-align: center\">01\/07\/2026<\/td>\n<\/tr>\n<\/tbody>\n<\/table>\n<h4>3. DA INSCRI\u00c7\u00c3O<\/h4>\n<p>3.1 Per\u00edodo: at\u00e9 12\/06\/2026.<\/p>\n<p>3.2 Local: As inscri\u00e7\u00f5es ser\u00e3o feitas exclusivamente pelo endere\u00e7o eletr\u00f4nico revistargc@politecnico.ufsm.br, no campo assunto, informar \u201cInscri\u00e7\u00e3o Projeto\u00a0 REVISTA DE GEST\u00c3O E ORGANIZA\u00c7\u00d5ES COOPERATIVAS \u2013 RGC\u201d.<\/p>\n<p>3.3 Documentos obrigat\u00f3rios em PDF: comprovante de matr\u00edcula e hist\u00f3rico escolar simplificado.<\/p>\n<h4>4. DO PROCESSO SELETIVO<\/h4>\n<p>A sele\u00e7\u00e3o ocorrer\u00e1 por meio da an\u00e1lise da documenta\u00e7\u00e3o encaminhada pelos(as) candidatos(as). O n\u00e3o envio de qualquer um dos itens da documenta\u00e7\u00e3o exigida\u00a0 eliminar\u00e1 automaticamente o(a) candidato(a) da sele\u00e7\u00e3o.<\/p>\n<p>Crit\u00e9rios da sele\u00e7\u00e3o:<\/p>\n<p>a) An\u00e1lise do hist\u00f3rico escolar do aluno. Pontua\u00e7\u00e3o m\u00e1xima 5.<\/p>\n<p>b) Entrevista individual realizada com candidatos(as), na qual ser\u00e1 avaliado se as compet\u00eancias e habilidades dos mesmos s\u00e3o compat\u00edveis para execu\u00e7\u00e3o das atividades propostas no Plano de Atividades do Bolsista, bem como as experi\u00eancias em atividades relacionadas \u00e0 tem\u00e1tica do projeto. Pontua\u00e7\u00e3o m\u00e1xima 5.<\/p>\n<p>c) disponibilidade para cumprir as atividades da bolsa, em jornada de 20 (vinte) horas semanais.<\/p>\n<p>Os(as) candidatos(as) aprovados(as) ser\u00e3o classificados(as) na ordem decrescente das notas finais obtidas.<\/p>\n<h4>5. DO BOLSISTA<\/h4>\n<p>5.1 Requisitos<\/p>\n<p>5.1.1 Poder\u00e3o ser bolsistas estudantes regularmente matriculados e frequentes na gradua\u00e7\u00e3o, nos cursos t\u00e9cnicos, no Ensino M\u00e9dio ou no PROEJA\/FIC (Forma\u00e7\u00e3o\u00a0 Inicial Continuada), da Universidade Federal de Santa Maria. Ap\u00f3s a publica\u00e7\u00e3o do resultado final da sele\u00e7\u00e3o, o(a) estudante selecionado ser\u00e1 inclu\u00eddo(a) no projeto\u00a0 para o qual foi selecionado, no Portal de Projetos da UFSM, na categoria de \u201cparticipante\u201d.<\/p>\n<p>5.1.2 Ter os dados pessoais atualizados (e-mail e telefone) nos portais da UFSM.<\/p>\n<p>5.1.3 Possuir conta corrente pessoal nos bancos autorizados a receber pagamentos pelo SIAFI (Sistema Integrado de Administra\u00e7\u00e3o Financeira), para viabilizar a implanta\u00e7\u00e3o da bolsa.<\/p>\n<p>5.1.4 N\u00e3o possuir outra bolsa de qualquer natureza, exceto o Benef\u00edcio Socioecon\u00f4mico (BSE) ou aux\u00edlio eventual.<\/p>\n<p>5.2 Direitos<\/p>\n<p>5.2.1 Receber bolsa mensal no valor de R$750,00 (setecentos e cinquenta reais), durante o per\u00edodo de vig\u00eancia (01 de julho a 31 de dezembro de 2026).<\/p>\n<p>5.2.2 Estar inclu\u00eddo na cobertura do seguro contra acidentes pessoais, nos hor\u00e1rios de atua\u00e7\u00e3o da bolsa.<\/p>\n<p>5.2.3 Ter hor\u00e1rio definido para o exerc\u00edcio de suas atividades como bolsista, sem preju\u00edzo de suas demais atividades acad\u00eamicas.<\/p>\n<p>5.2.4 Receber orienta\u00e7\u00f5es que se fizerem necess\u00e1rias para o desempenho de suas atividades.<\/p>\n<p>5.3 Deveres<\/p>\n<p>5.3.1 Responsabilizar-se pelas informa\u00e7\u00f5es prestadas no momento da sele\u00e7\u00e3o.<\/p>\n<p>5.3.2 Disponibilizar 20 (vinte) horas semanais para o cumprimento de suas atividades.<\/p>\n<p>5.3.3 Comunicar ao coordenador as justificativas de eventuais faltas e a desist\u00eancia da bolsa.<\/p>\n<p>5.3.4 Cumprir o Plano de Atividades do Bolsista estabelecido.<\/p>\n<p>5.3.5 Manter frequ\u00eancia regular nas disciplinas em que estiver matriculado.<\/p>\n<p>5.3.6 O n\u00e3o atendimento aos itens acima mencionados implicar\u00e1 no cancelamento da bolsa.<\/p>\n<h4>6. DIVULGA\u00c7\u00c3O DOS RESULTADOS E CLASSIFICA\u00c7\u00c3O<\/h4>\n<p>A lista de candidatos(as) homologados(as) e o resultado dos(as) selecionados (as), ser\u00e3o divulgados no site <a href=\"http:\/\/www.politecnico.ufsm.br\">www.politecnico.ufsm.br<\/a> \u2013 Oportunidades de bolsas.<\/p>\n<h4>7. DO DESLIGAMENTO DO BOLSISTA<\/h4>\n<p>O(a) bolsista ser\u00e1 desligado(a) das atividades, sem direito \u00e0 bolsa, se:<\/p>\n<p>\u2013 N\u00e3o realizar ou tumultuar as atividades descritas neste Edital;<br \/>\u2013 N\u00e3o apresentar conduta e comportamento \u00e9tico inerentes ao desempenho das atividades.<\/p>\n<h4>8. DISPOSI\u00c7\u00d5ES GERAIS<\/h4>\n<p>a) Os casos omissos ser\u00e3o resolvidos pelo(a) Coordenador(a) do Projeto.<\/p>\n<p>b) Outras informa\u00e7\u00f5es podem ser obtidas pelo e-mail revistargc@politecnico.ufsm.br.<\/p>\n\n\n\n<div class=\"wp-block-file\"><a id=\"wp-block-file--media-b4da4a6e-4ec8-49e7-98d4-1ce94e46f4f0\" href=\"https:\/\/www.ufsm.br\/app\/uploads\/sites\/405\/2026\/06\/MODELO-DE-SELECAO-DE-BOLSISTA_2026-1.pdf\">Leia o edital completo de Sele\u00e7\u00e3o de Bolsista para Projeto de Ensino N\u00ba 058685 &#8211; Revista de Gest\u00e3o e Organiza\u00e7\u00f5es Coorporativas &#8211; RGC.<\/a><\/div>\n\n\n","protected":false},"excerpt":{"rendered":"<p>1. DA BOLSA N\u00ba Projeto 058685 T\u00edtulo projeto REVISTA DE GEST\u00c3O E ORGANIZA\u00c7\u00d5ES COOPERATIVAS RGC Atribui\u00e7\u00f5es do bolsista Atualiza\u00e7\u00f5es das not\u00edcias Diagrama\u00e7\u00e3o dos artigos recebidos e avaliados Aux\u00edlio \u00e0s normas e procedimentos legais de produ\u00e7\u00e3o de peri\u00f3dicos da UFSM. Busca de indexa\u00e7\u00f5es e Publica\u00e7\u00e3o das Edi\u00e7\u00f5es no Portal de Peri\u00f3dicos da UFSM Gerenciamento de Edi\u00e7\u00f5es [&hellip;]<\/p>\n","protected":false},"author":6177,"featured_media":0,"comment_status":"closed","ping_status":"closed","sticky":false,"template":"","format":"standard","meta":{"footnotes":""},"categories":[15],"tags":[],"class_list":["post-11782","post","type-post","status-publish","format-standard","hentry","category-oportunidades"],"acf":[],"_links":{"self":[{"href":"https:\/\/www.ufsm.br\/unidades-universitarias\/politecnico\/wp-json\/wp\/v2\/posts\/11782","targetHints":{"allow":["GET"]}}],"collection":[{"href":"https:\/\/www.ufsm.br\/unidades-universitarias\/politecnico\/wp-json\/wp\/v2\/posts"}],"about":[{"href":"https:\/\/www.ufsm.br\/unidades-universitarias\/politecnico\/wp-json\/wp\/v2\/types\/post"}],"author":[{"embeddable":true,"href":"https:\/\/www.ufsm.br\/unidades-universitarias\/politecnico\/wp-json\/wp\/v2\/users\/6177"}],"replies":[{"embeddable":true,"href":"https:\/\/www.ufsm.br\/unidades-universitarias\/politecnico\/wp-json\/wp\/v2\/comments?post=11782"}],"version-history":[{"count":0,"href":"https:\/\/www.ufsm.br\/unidades-universitarias\/politecnico\/wp-json\/wp\/v2\/posts\/11782\/revisions"}],"wp:attachment":[{"href":"https:\/\/www.ufsm.br\/unidades-universitarias\/politecnico\/wp-json\/wp\/v2\/media?parent=11782"}],"wp:term":[{"taxonomy":"category","embeddable":true,"href":"https:\/\/www.ufsm.br\/unidades-universitarias\/politecnico\/wp-json\/wp\/v2\/categories?post=11782"},{"taxonomy":"post_tag","embeddable":true,"href":"https:\/\/www.ufsm.br\/unidades-universitarias\/politecnico\/wp-json\/wp\/v2\/tags?post=11782"}],"curies":[{"name":"wp","href":"https:\/\/api.w.org\/{rel}","templated":true}]}}