{"id":11866,"date":"2026-06-17T08:47:57","date_gmt":"2026-06-17T11:47:57","guid":{"rendered":"https:\/\/www.ufsm.br\/unidades-universitarias\/politecnico\/?p=11866"},"modified":"2026-06-17T08:47:58","modified_gmt":"2026-06-17T11:47:58","slug":"mata-abre-inscricoes-para-caminhada-internacional-na-natureza-em-cenario-unico-onde-arvores-viraram-pedra-ha-milhoes-de-anos","status":"publish","type":"post","link":"https:\/\/www.ufsm.br\/unidades-universitarias\/politecnico\/2026\/06\/17\/mata-abre-inscricoes-para-caminhada-internacional-na-natureza-em-cenario-unico-onde-arvores-viraram-pedra-ha-milhoes-de-anos","title":{"rendered":"Mata abre inscri\u00e7\u00f5es para Caminhada Internacional na Natureza em cen\u00e1rio \u00fanico onde \u00e1rvores viraram pedra h\u00e1 milh\u00f5es de anos"},"content":{"rendered":"<div class=\"wp-block-image\">\n<figure class=\"aligncenter size-large is-resized\"><img fetchpriority=\"high\" decoding=\"async\" width=\"1024\" height=\"682\" src=\"https:\/\/www.ufsm.br\/app\/uploads\/sites\/405\/2026\/06\/01-4-1024x682.jpg\" alt=\"\" class=\"wp-image-11868\" style=\"width:700px\" srcset=\"https:\/\/www.ufsm.br\/app\/uploads\/sites\/405\/2026\/06\/01-4-1024x682.jpg 1024w, https:\/\/www.ufsm.br\/app\/uploads\/sites\/405\/2026\/06\/01-4-300x200.jpg 300w, https:\/\/www.ufsm.br\/app\/uploads\/sites\/405\/2026\/06\/01-4-768x512.jpg 768w, https:\/\/www.ufsm.br\/app\/uploads\/sites\/405\/2026\/06\/01-4-1536x1023.jpg 1536w, https:\/\/www.ufsm.br\/app\/uploads\/sites\/405\/2026\/06\/01-4-272x182.jpg 272w, https:\/\/www.ufsm.br\/app\/uploads\/sites\/405\/2026\/06\/01-4.jpg 1600w\" sizes=\"(max-width: 1024px) 100vw, 1024px\" \/><\/figure>\n<\/div>\n\n\n<div style=\"height:50px\" aria-hidden=\"true\" class=\"wp-block-spacer\"><\/div>\n\n\n\n<p>As inscri\u00e7\u00f5es para a edi\u00e7\u00e3o 2026 da Caminhada Internacional na Natureza \u2013 Cidade da Pedra que J\u00e1 Foi Madeira, em Mata (RS), j\u00e1 est\u00e3o abertas. O evento ser\u00e1 realizado no dia 27 de junho e promete reunir caminhantes, turistas, fam\u00edlias e amantes da natureza em um dos roteiros mais emblem\u00e1ticos do turismo rural e paleontol\u00f3gico do Rio Grande do Sul.<\/p>\n<p>Reconhecido nacionalmente pelos seus f\u00f3sseis vegetais petrificados, o munic\u00edpio de Mata \u00e9 considerado a &#8220;Cidade da Pedra que J\u00e1 Foi Madeira&#8221;, abrigando um dos maiores patrim\u00f4nios paleobot\u00e2nicos do mundo. O destino atrai visitantes interessados em conhecer forma\u00e7\u00f5es geol\u00f3gicas raras, troncos fossilizados com milh\u00f5es de anos e uma paisagem que combina ci\u00eancia, hist\u00f3ria e natureza.<\/p>\n<p>A caminhada integra o Circuito Regional das Caminhadas Internacionais na Natureza da Regi\u00e3o Central do Rio Grande do Sul, iniciativa que vem consolidando a regi\u00e3o como refer\u00eancia em turismo rural, valoriza\u00e7\u00e3o das comunidades locais e desenvolvimento sustent\u00e1vel. O projeto \u00e9 promovido em parceria entre a Prefeitura Municipal de Mata, a Emater\/RS-Ascar e a Universidade Federal de Santa Maria (UFSM).<\/p>\n<p>O percurso ter\u00e1 aproximadamente 14 quil\u00f4metros e passar\u00e1 por \u00e1reas rurais e paisagens caracter\u00edsticas do munic\u00edpio, permitindo aos participantes contemplar morros, campos e locais de preserva\u00e7\u00e3o de f\u00f3sseis vegetais. Al\u00e9m da experi\u00eancia junto \u00e0 natureza, os visitantes poder\u00e3o conhecer a cultura local e a produ\u00e7\u00e3o de alimentos t\u00edpicos do interior ga\u00facho.<\/p>\n<p>A programa\u00e7\u00e3o inicia \u00e0s 6h45min no CTG Cancela da Tradi\u00e7\u00e3o, com caf\u00e9 da manh\u00e3 opcional. A abertura oficial est\u00e1 prevista para as 7h40min e a sa\u00edda dos caminhantes ocorrer\u00e1 \u00e0s 8h. Ao final do percurso, haver\u00e1 almo\u00e7o por ades\u00e3o e feira de produtos coloniais e artesanato, fortalecendo a gera\u00e7\u00e3o de renda para agricultores familiares e empreendedores locais.<\/p>\n<p>Nos \u00faltimos anos, os eventos da Caminhada Internacional na Natureza tornaram-se um dos principais instrumentos de promo\u00e7\u00e3o do turismo rural na Regi\u00e3o Central do Estado, atraindo visitantes de diferentes munic\u00edpios e contribuindo para divulgar paisagens, gastronomia, patrim\u00f4nio cultural e atrativos naturais pouco conhecidos do p\u00fablico urbano.<\/p>\n<p>Para os organizadores, a edi\u00e7\u00e3o de Mata representa uma oportunidade de conectar lazer, sa\u00fade, educa\u00e7\u00e3o ambiental e valoriza\u00e7\u00e3o do patrim\u00f4nio paleontol\u00f3gico, oferecendo aos participantes uma experi\u00eancia diferenciada em um munic\u00edpio reconhecido por sua singularidade geol\u00f3gica e tur\u00edstica.<\/p>\n<p>As inscri\u00e7\u00f5es s\u00e3o limitadas a 250 participantes e podem ser realizadas antecipadamente pelo sistema EcoBooking.<\/p>\n\n\n\n<div style=\"height:50px\" aria-hidden=\"true\" class=\"wp-block-spacer\"><\/div>\n\n\n<div class=\"wp-block-image\">\n<figure class=\"aligncenter size-large is-resized\"><img decoding=\"async\" width=\"1024\" height=\"1024\" src=\"https:\/\/www.ufsm.br\/app\/uploads\/sites\/405\/2026\/06\/02-3-1024x1024.jpg\" alt=\"\" class=\"wp-image-11867\" style=\"width:700px\" srcset=\"https:\/\/www.ufsm.br\/app\/uploads\/sites\/405\/2026\/06\/02-3-1024x1024.jpg 1024w, https:\/\/www.ufsm.br\/app\/uploads\/sites\/405\/2026\/06\/02-3-300x300.jpg 300w, https:\/\/www.ufsm.br\/app\/uploads\/sites\/405\/2026\/06\/02-3-150x150.jpg 150w, https:\/\/www.ufsm.br\/app\/uploads\/sites\/405\/2026\/06\/02-3-768x768.jpg 768w, https:\/\/www.ufsm.br\/app\/uploads\/sites\/405\/2026\/06\/02-3.jpg 1080w\" sizes=\"(max-width: 1024px) 100vw, 1024px\" \/><\/figure>\n<\/div>\n\n\n<div style=\"height:50px\" aria-hidden=\"true\" class=\"wp-block-spacer\"><\/div>\n\n\n\n<p><strong>Evento:<\/strong> Caminhada Internacional na Natureza \u2013 Cidade da Pedra que J\u00e1 Foi Madeira<br \/><strong>Data:<\/strong> 27 de junho de 2026<br \/><strong>Local:<\/strong> CTG Cancela da Tradi\u00e7\u00e3o \u2013 Mata (RS)<br \/><strong>Percurso:<\/strong> 14 km<br \/><strong>Inscri\u00e7\u00f5es:<\/strong> at\u00e9 25 de junho ou enquanto houver vagas<br \/><strong>Vagas:<\/strong> 250 participantes<br \/><strong><a href=\"https:\/\/www.ecobooking.com.br\/site3\/destinoEventoSimples.php?Xeven=q9bg3nbjuqu117uge6jt\">Inscri\u00e7\u00f5es online<\/a><\/strong><\/p>\n<p>\u00a0<\/p>\n<p>Para mais informa\u00e7\u00f5es, os interessados podem acessar as redes sociais do projeto <a href=\"https:\/\/www.instagram.com\/caminhadasufsm\/\">@caminhadasufsm<\/a> ou na comunidade de avisos do <a href=\"https:\/\/chat.whatsapp.com\/Fcw0NoRdHOs93lHhl9bYvU\">WhatsApp<\/a>.<\/p>\n\n\n\n<div style=\"height:100px\" aria-hidden=\"true\" class=\"wp-block-spacer\"><\/div>\n\n\n\n<p><strong>Texto<\/strong>: Ezequiel Redin<\/p>\n","protected":false},"excerpt":{"rendered":"<p>Evento integra o maior circuito de turismo rural da Regi\u00e3o Central do Rio Grande do Sul e levar\u00e1 participantes para uma experi\u00eancia \u00fanica entre f\u00f3sseis, natureza, gastronomia e hist\u00f3ria em um dos destinos tur\u00edsticos mais singulares do Brasil.<\/p>\n","protected":false},"author":6741,"featured_media":11868,"comment_status":"closed","ping_status":"closed","sticky":false,"template":"","format":"standard","meta":{"footnotes":""},"categories":[17],"tags":[271],"class_list":["post-11866","post","type-post","status-publish","format-standard","has-post-thumbnail","hentry","category-noticias","tag-destaques-politecnico"],"acf":[],"_links":{"self":[{"href":"https:\/\/www.ufsm.br\/unidades-universitarias\/politecnico\/wp-json\/wp\/v2\/posts\/11866","targetHints":{"allow":["GET"]}}],"collection":[{"href":"https:\/\/www.ufsm.br\/unidades-universitarias\/politecnico\/wp-json\/wp\/v2\/posts"}],"about":[{"href":"https:\/\/www.ufsm.br\/unidades-universitarias\/politecnico\/wp-json\/wp\/v2\/types\/post"}],"author":[{"embeddable":true,"href":"https:\/\/www.ufsm.br\/unidades-universitarias\/politecnico\/wp-json\/wp\/v2\/users\/6741"}],"replies":[{"embeddable":true,"href":"https:\/\/www.ufsm.br\/unidades-universitarias\/politecnico\/wp-json\/wp\/v2\/comments?post=11866"}],"version-history":[{"count":0,"href":"https:\/\/www.ufsm.br\/unidades-universitarias\/politecnico\/wp-json\/wp\/v2\/posts\/11866\/revisions"}],"wp:featuredmedia":[{"embeddable":true,"href":"https:\/\/www.ufsm.br\/unidades-universitarias\/politecnico\/wp-json\/wp\/v2\/media\/11868"}],"wp:attachment":[{"href":"https:\/\/www.ufsm.br\/unidades-universitarias\/politecnico\/wp-json\/wp\/v2\/media?parent=11866"}],"wp:term":[{"taxonomy":"category","embeddable":true,"href":"https:\/\/www.ufsm.br\/unidades-universitarias\/politecnico\/wp-json\/wp\/v2\/categories?post=11866"},{"taxonomy":"post_tag","embeddable":true,"href":"https:\/\/www.ufsm.br\/unidades-universitarias\/politecnico\/wp-json\/wp\/v2\/tags?post=11866"}],"curies":[{"name":"wp","href":"https:\/\/api.w.org\/{rel}","templated":true}]}}