{"id":11939,"date":"2026-07-02T11:10:10","date_gmt":"2026-07-02T14:10:10","guid":{"rendered":"https:\/\/www.ufsm.br\/unidades-universitarias\/politecnico\/?p=11939"},"modified":"2026-07-02T11:10:11","modified_gmt":"2026-07-02T14:10:11","slug":"arraial-do-poli-2026-reune-comunidade-academica-e-fortalece-protagonismo-estudantil","status":"publish","type":"post","link":"https:\/\/www.ufsm.br\/unidades-universitarias\/politecnico\/2026\/07\/02\/arraial-do-poli-2026-reune-comunidade-academica-e-fortalece-protagonismo-estudantil","title":{"rendered":"Arraial do Poli 2026 re\u00fane comunidade acad\u00eamica e fortalece protagonismo estudantil"},"content":{"rendered":"<div class=\"wp-block-image\">\n<figure class=\"aligncenter size-full\"><img fetchpriority=\"high\" decoding=\"async\" width=\"527\" height=\"599\" src=\"https:\/\/www.ufsm.br\/app\/uploads\/sites\/405\/2026\/07\/08.jpg\" alt=\"\" class=\"wp-image-11947\" srcset=\"https:\/\/www.ufsm.br\/app\/uploads\/sites\/405\/2026\/07\/08.jpg 527w, https:\/\/www.ufsm.br\/app\/uploads\/sites\/405\/2026\/07\/08-264x300.jpg 264w\" sizes=\"(max-width: 527px) 100vw, 527px\" \/><\/figure>\n<\/div>\n\n\n<div style=\"height:50px\" aria-hidden=\"true\" class=\"wp-block-spacer\"><\/div>\n\n\n\n<div>\n<p dir=\"ltr\">O Largo do Planet\u00e1rio da UFSM recebeu, em 18 de junho, mais uma edi\u00e7\u00e3o do Arraial do Poli, promovido pelo Col\u00e9gio Polit\u00e9cnico da UFSM em parceria com a Polifeira do Agricultor. A edi\u00e7\u00e3o de 2026 reuniu estudantes, servidores, familiares, egressos e visitantes em uma tarde marcada por comidas t\u00edpicas, brincadeiras tradicionais e muita integra\u00e7\u00e3o.<\/p>\n<\/div>\n<div>\n<p dir=\"ltr\">Ao todo, 20 equipes, formadas por 106 estudantes, foram respons\u00e1veis pela organiza\u00e7\u00e3o das bancas e atividades. Participaram estudantes do Ensino M\u00e9dio (1\u00ba, 2\u00ba e 3\u00ba anos) e dos cursos t\u00e9cnicos em Alimentos, Agricultura, Fruticultura, Inform\u00e1tica, Secretariado e Zootecnia, evidenciando a integra\u00e7\u00e3o entre diferentes cursos e n\u00edveis de ensino do Col\u00e9gio Polit\u00e9cnico. Entre as atra\u00e7\u00f5es estavam pescaria, bingo, boca do palha\u00e7o, correio elegante, cadeia, dan\u00e7a das cadeiras, campeonato de truco, al\u00e9m de uma grande variedade de produtos t\u00edpicos, como bolos e docinhos diversos, pipoca, pipoca goumert, amendoim salgado, cachorro-quente, batata frita, pastel, quent\u00e3o sem \u00e1lcool, chocolate quente, sagu, carrapinha entre outras del\u00edcias juninas.<\/p>\n<\/div>\n<div>\n<p dir=\"ltr\">Mais do que uma celebra\u00e7\u00e3o cultural, o Arraial do Poli consolidou-se como uma importante atividade pedag\u00f3gica. As equipes participantes foram respons\u00e1veis pelo planejamento, produ\u00e7\u00e3o, comercializa\u00e7\u00e3o e gest\u00e3o das bancas, colocando em pr\u00e1tica conhecimentos relacionados \u00e0 organiza\u00e7\u00e3o de eventos, trabalho em equipe, atendimento ao p\u00fablico, gest\u00e3o financeira e empreendedorismo. A atividade integra o Projeto de Ensino \u201cArraial do Poli\u201d, coordenado pelo Col\u00e9gio Polit\u00e9cnico da UFSM, desenvolvido em articula\u00e7\u00e3o com a Divis\u00e3o\u00a0 de Comunica\u00e7\u00e3o (Projeto n\u00ba 057676), a Polifeira do Agricultor (Projeto n\u00ba 062666) e o Projeto Zelo (Projeto n\u00ba 061429), fortalecendo a integra\u00e7\u00e3o entre ensino, extens\u00e3o e comunidade.\u00a0<\/p>\n<\/div>\n\n\n\n<div style=\"height:50px\" aria-hidden=\"true\" class=\"wp-block-spacer\"><\/div>\n\n\n<div class=\"wp-block-image\">\n<figure class=\"aligncenter size-full\"><img decoding=\"async\" width=\"527\" height=\"599\" src=\"https:\/\/www.ufsm.br\/app\/uploads\/sites\/405\/2026\/07\/04.jpg\" alt=\"\" class=\"wp-image-11943\" srcset=\"https:\/\/www.ufsm.br\/app\/uploads\/sites\/405\/2026\/07\/04.jpg 527w, https:\/\/www.ufsm.br\/app\/uploads\/sites\/405\/2026\/07\/04-264x300.jpg 264w\" sizes=\"(max-width: 527px) 100vw, 527px\" \/><\/figure>\n<\/div>\n\n\n<div style=\"height:50px\" aria-hidden=\"true\" class=\"wp-block-spacer\"><\/div>\n\n\n\n<div>\n<p dir=\"ltr\">A prepara\u00e7\u00e3o para o evento come\u00e7ou semanas antes da festa, quando os estudantes participaram de capacita\u00e7\u00f5es sobre custos de produ\u00e7\u00e3o, boas pr\u00e1ticas de manipula\u00e7\u00e3o de alimentos e estrat\u00e9gias de comercializa\u00e7\u00e3o. A experi\u00eancia foi destacada pelos pr\u00f3prios participantes como um dos principais diferenciais do projeto. O projeto tem como objetivo consolidar o Arraial do Poli como uma atividade pedag\u00f3gica estruturada, promovendo protagonismo estudantil, coopera\u00e7\u00e3o entre diferentes cursos, desenvolvimento de compet\u00eancias empreendedoras e valoriza\u00e7\u00e3o das manifesta\u00e7\u00f5es culturais populares brasileiras.\u00a0<\/p>\n<\/div>\n<div>\n<p dir=\"ltr\">Entre os aspectos mais elogiados pelos participantes estiveram a diversidade de produtos oferecidos, o ambiente acolhedor, a participa\u00e7\u00e3o do p\u00fablico e a integra\u00e7\u00e3o proporcionada pela parceria com a Polifeira do Agricultor. Muitos estudantes tamb\u00e9m destacaram a experi\u00eancia pr\u00e1tica de administrar uma banca como uma oportunidade de desenvolver compet\u00eancias relacionadas ao empreendedorismo e \u00e0 gest\u00e3o.<\/p>\n<\/div>\n<div>\n<p>Com mais uma edi\u00e7\u00e3o bem-sucedida, o Arraial do Poli segue se consolidando como uma das atividades mais aguardadas do calend\u00e1rio do Col\u00e9gio Polit\u00e9cnico, unindo tradi\u00e7\u00e3o, aprendizado e integra\u00e7\u00e3o em um \u00fanico espa\u00e7o de celebra\u00e7\u00e3o.<\/p>\n<\/div>\n\n\n\n<div style=\"height:50px\" aria-hidden=\"true\" class=\"wp-block-spacer\"><\/div>\n\n\n\n<figure class=\"wp-block-gallery has-nested-images columns-3 is-cropped wp-block-gallery-1 is-layout-flex wp-block-gallery-is-layout-flex\">\n<figure class=\"wp-block-image size-large\"><img decoding=\"async\" width=\"527\" height=\"599\" data-id=\"11950\" src=\"https:\/\/www.ufsm.br\/app\/uploads\/sites\/405\/2026\/07\/11.jpg\" alt=\"\" class=\"wp-image-11950\" srcset=\"https:\/\/www.ufsm.br\/app\/uploads\/sites\/405\/2026\/07\/11.jpg 527w, https:\/\/www.ufsm.br\/app\/uploads\/sites\/405\/2026\/07\/11-264x300.jpg 264w\" sizes=\"(max-width: 527px) 100vw, 527px\" \/><\/figure>\n\n\n\n<figure class=\"wp-block-image size-large\"><img loading=\"lazy\" decoding=\"async\" width=\"527\" height=\"599\" data-id=\"11949\" src=\"https:\/\/www.ufsm.br\/app\/uploads\/sites\/405\/2026\/07\/10.jpg\" alt=\"\" class=\"wp-image-11949\" srcset=\"https:\/\/www.ufsm.br\/app\/uploads\/sites\/405\/2026\/07\/10.jpg 527w, https:\/\/www.ufsm.br\/app\/uploads\/sites\/405\/2026\/07\/10-264x300.jpg 264w\" sizes=\"(max-width: 527px) 100vw, 527px\" \/><\/figure>\n\n\n\n<figure class=\"wp-block-image size-large\"><img loading=\"lazy\" decoding=\"async\" width=\"527\" height=\"599\" data-id=\"11948\" src=\"https:\/\/www.ufsm.br\/app\/uploads\/sites\/405\/2026\/07\/09.jpg\" alt=\"\" class=\"wp-image-11948\" srcset=\"https:\/\/www.ufsm.br\/app\/uploads\/sites\/405\/2026\/07\/09.jpg 527w, https:\/\/www.ufsm.br\/app\/uploads\/sites\/405\/2026\/07\/09-264x300.jpg 264w\" sizes=\"(max-width: 527px) 100vw, 527px\" \/><\/figure>\n\n\n\n<figure class=\"wp-block-image size-large\"><img loading=\"lazy\" decoding=\"async\" width=\"527\" height=\"599\" data-id=\"11945\" src=\"https:\/\/www.ufsm.br\/app\/uploads\/sites\/405\/2026\/07\/06.jpg\" alt=\"\" class=\"wp-image-11945\" srcset=\"https:\/\/www.ufsm.br\/app\/uploads\/sites\/405\/2026\/07\/06.jpg 527w, https:\/\/www.ufsm.br\/app\/uploads\/sites\/405\/2026\/07\/06-264x300.jpg 264w\" sizes=\"(max-width: 527px) 100vw, 527px\" \/><\/figure>\n\n\n\n<figure class=\"wp-block-image size-large\"><img loading=\"lazy\" decoding=\"async\" width=\"527\" height=\"599\" data-id=\"11944\" src=\"https:\/\/www.ufsm.br\/app\/uploads\/sites\/405\/2026\/07\/05.jpg\" alt=\"\" class=\"wp-image-11944\" srcset=\"https:\/\/www.ufsm.br\/app\/uploads\/sites\/405\/2026\/07\/05.jpg 527w, https:\/\/www.ufsm.br\/app\/uploads\/sites\/405\/2026\/07\/05-264x300.jpg 264w\" sizes=\"(max-width: 527px) 100vw, 527px\" \/><\/figure>\n\n\n\n<figure class=\"wp-block-image size-large\"><img loading=\"lazy\" decoding=\"async\" width=\"527\" height=\"599\" data-id=\"11946\" src=\"https:\/\/www.ufsm.br\/app\/uploads\/sites\/405\/2026\/07\/07.jpg\" alt=\"\" class=\"wp-image-11946\" srcset=\"https:\/\/www.ufsm.br\/app\/uploads\/sites\/405\/2026\/07\/07.jpg 527w, https:\/\/www.ufsm.br\/app\/uploads\/sites\/405\/2026\/07\/07-264x300.jpg 264w\" sizes=\"(max-width: 527px) 100vw, 527px\" \/><\/figure>\n\n\n\n<figure class=\"wp-block-image size-large\"><img loading=\"lazy\" decoding=\"async\" width=\"527\" height=\"599\" data-id=\"11942\" src=\"https:\/\/www.ufsm.br\/app\/uploads\/sites\/405\/2026\/07\/03.jpg\" alt=\"\" class=\"wp-image-11942\" srcset=\"https:\/\/www.ufsm.br\/app\/uploads\/sites\/405\/2026\/07\/03.jpg 527w, https:\/\/www.ufsm.br\/app\/uploads\/sites\/405\/2026\/07\/03-264x300.jpg 264w\" sizes=\"(max-width: 527px) 100vw, 527px\" \/><\/figure>\n\n\n\n<figure class=\"wp-block-image size-large\"><img loading=\"lazy\" decoding=\"async\" width=\"527\" height=\"599\" data-id=\"11941\" src=\"https:\/\/www.ufsm.br\/app\/uploads\/sites\/405\/2026\/07\/02.jpg\" alt=\"\" class=\"wp-image-11941\" srcset=\"https:\/\/www.ufsm.br\/app\/uploads\/sites\/405\/2026\/07\/02.jpg 527w, https:\/\/www.ufsm.br\/app\/uploads\/sites\/405\/2026\/07\/02-264x300.jpg 264w\" sizes=\"(max-width: 527px) 100vw, 527px\" \/><\/figure>\n\n\n\n<figure class=\"wp-block-image size-large\"><img loading=\"lazy\" decoding=\"async\" width=\"527\" height=\"599\" data-id=\"11940\" src=\"https:\/\/www.ufsm.br\/app\/uploads\/sites\/405\/2026\/07\/01.jpg\" alt=\"\" class=\"wp-image-11940\" srcset=\"https:\/\/www.ufsm.br\/app\/uploads\/sites\/405\/2026\/07\/01.jpg 527w, https:\/\/www.ufsm.br\/app\/uploads\/sites\/405\/2026\/07\/01-264x300.jpg 264w\" sizes=\"(max-width: 527px) 100vw, 527px\" \/><\/figure>\n<\/figure>\n\n\n\n<div style=\"height:100px\" aria-hidden=\"true\" class=\"wp-block-spacer\"><\/div>\n\n\n\n<p><strong>Texto e fotos:<\/strong> Magda Monego<\/p>\n","protected":false},"excerpt":{"rendered":"<p>Evento contou com 20 equipes organizadas por estudantes e promoveu integra\u00e7\u00e3o, aprendizado e valoriza\u00e7\u00e3o da cultura popular<\/p>\n","protected":false},"author":6741,"featured_media":11947,"comment_status":"closed","ping_status":"closed","sticky":false,"template":"","format":"standard","meta":{"footnotes":""},"categories":[17],"tags":[271],"class_list":["post-11939","post","type-post","status-publish","format-standard","has-post-thumbnail","hentry","category-noticias","tag-destaques-politecnico"],"acf":[],"_links":{"self":[{"href":"https:\/\/www.ufsm.br\/unidades-universitarias\/politecnico\/wp-json\/wp\/v2\/posts\/11939","targetHints":{"allow":["GET"]}}],"collection":[{"href":"https:\/\/www.ufsm.br\/unidades-universitarias\/politecnico\/wp-json\/wp\/v2\/posts"}],"about":[{"href":"https:\/\/www.ufsm.br\/unidades-universitarias\/politecnico\/wp-json\/wp\/v2\/types\/post"}],"author":[{"embeddable":true,"href":"https:\/\/www.ufsm.br\/unidades-universitarias\/politecnico\/wp-json\/wp\/v2\/users\/6741"}],"replies":[{"embeddable":true,"href":"https:\/\/www.ufsm.br\/unidades-universitarias\/politecnico\/wp-json\/wp\/v2\/comments?post=11939"}],"version-history":[{"count":0,"href":"https:\/\/www.ufsm.br\/unidades-universitarias\/politecnico\/wp-json\/wp\/v2\/posts\/11939\/revisions"}],"wp:featuredmedia":[{"embeddable":true,"href":"https:\/\/www.ufsm.br\/unidades-universitarias\/politecnico\/wp-json\/wp\/v2\/media\/11947"}],"wp:attachment":[{"href":"https:\/\/www.ufsm.br\/unidades-universitarias\/politecnico\/wp-json\/wp\/v2\/media?parent=11939"}],"wp:term":[{"taxonomy":"category","embeddable":true,"href":"https:\/\/www.ufsm.br\/unidades-universitarias\/politecnico\/wp-json\/wp\/v2\/categories?post=11939"},{"taxonomy":"post_tag","embeddable":true,"href":"https:\/\/www.ufsm.br\/unidades-universitarias\/politecnico\/wp-json\/wp\/v2\/tags?post=11939"}],"curies":[{"name":"wp","href":"https:\/\/api.w.org\/{rel}","templated":true}]}}