{"id":1560,"date":"2017-06-12T19:04:53","date_gmt":"2017-06-12T22:04:53","guid":{"rendered":"https:\/\/www.ufsm.br\/unidades-universitarias\/politecnico\/2017\/06\/12\/seminario-sobre-producao-e-comercializacao-de-hortalicas-e-leguminosas-agroecologicas\/"},"modified":"2017-06-12T19:04:53","modified_gmt":"2017-06-12T22:04:53","slug":"seminario-sobre-producao-e-comercializacao-de-hortalicas-e-leguminosas-agroecologicas","status":"publish","type":"post","link":"https:\/\/www.ufsm.br\/unidades-universitarias\/politecnico\/2017\/06\/12\/seminario-sobre-producao-e-comercializacao-de-hortalicas-e-leguminosas-agroecologicas","title":{"rendered":"Semin\u00e1rio sobre &#8220;Produ\u00e7\u00e3o e Comercializa\u00e7\u00e3o de Hortali\u00e7as e Leguminosas Agroecol\u00f3gicas&#8221;"},"content":{"rendered":"<p>O Programa Socioambiental sobre alimenta\u00e7\u00e3o saud\u00e1vel divulga o XXXV Semin\u00e1rio de Educa\u00e7\u00e3o Socioambiental, com o tema &#8220;Produ\u00e7\u00e3o e Comercializa\u00e7\u00e3o de Hortali\u00e7as e Leguminosas Agroecol\u00f3gicas&#8221;.<\/p>\n<p>Contaremos com colabora\u00e7\u00e3o de Cristiana Barros da Silva\/EMATER e do agricultor Adriano de Potter do Assentamento Novo Sobrado.<\/p>\n<p>Ocorrer\u00e1 dia 13 de Junho, \u00e0s 16 horas, no Audit\u00f3rio Fl\u00e1vio Miguel Schneider.<\/p>\n<p>As inscri\u00e7\u00f5es s\u00e3o gratuitas pelo link: <a href=\"https:\/\/goo.gl\/forms\/Kqd2ZwlzFGqd7ukE3\" target=\"_blank\" rel=\"noopener noreferrer\">https:\/\/goo.gl\/forms\/Kqd2ZwlzFGqd7ukE3<\/a><\/p>\n<p><img fetchpriority=\"high\" decoding=\"async\" class=\" size-full wp-image-1559\" src=\"https:\/\/www.ufsm.br\/unidades-universitarias\/politecnico\/wp-content\/uploads\/sites\/405\/2017\/06\/19113106_426091071117501_1267254708_n.jpg\" alt=\"19113106 426091071117501 1267254708 n\" width=\"640\" height=\"477\" srcset=\"https:\/\/www.ufsm.br\/app\/uploads\/sites\/405\/2017\/06\/19113106_426091071117501_1267254708_n.jpg 640w, https:\/\/www.ufsm.br\/app\/uploads\/sites\/405\/2017\/06\/19113106_426091071117501_1267254708_n-300x224.jpg 300w\" sizes=\"(max-width: 640px) 100vw, 640px\" \/><\/p>\n","protected":false},"excerpt":{"rendered":"<p>O Programa Socioambiental sobre alimenta\u00e7\u00e3o saud\u00e1vel divulga o XXXV Semin\u00e1rio de Educa\u00e7\u00e3o Socioambiental, com o tema &#8220;Produ\u00e7\u00e3o e Comercializa\u00e7\u00e3o de Hortali\u00e7as e Leguminosas Agroecol\u00f3gicas&#8221;. Contaremos com colabora\u00e7\u00e3o de Cristiana Barros da Silva\/EMATER e do agricultor Adriano de Potter do Assentamento Novo Sobrado. Ocorrer\u00e1 dia 13 de Junho, \u00e0s 16 horas, no Audit\u00f3rio Fl\u00e1vio Miguel Schneider. [&hellip;]<\/p>\n","protected":false},"author":25,"featured_media":1559,"comment_status":"closed","ping_status":"closed","sticky":false,"template":"","format":"standard","meta":{"footnotes":""},"categories":[17],"tags":[],"class_list":["post-1560","post","type-post","status-publish","format-standard","has-post-thumbnail","hentry","category-noticias"],"acf":[],"_links":{"self":[{"href":"https:\/\/www.ufsm.br\/unidades-universitarias\/politecnico\/wp-json\/wp\/v2\/posts\/1560","targetHints":{"allow":["GET"]}}],"collection":[{"href":"https:\/\/www.ufsm.br\/unidades-universitarias\/politecnico\/wp-json\/wp\/v2\/posts"}],"about":[{"href":"https:\/\/www.ufsm.br\/unidades-universitarias\/politecnico\/wp-json\/wp\/v2\/types\/post"}],"author":[{"embeddable":true,"href":"https:\/\/www.ufsm.br\/unidades-universitarias\/politecnico\/wp-json\/wp\/v2\/users\/25"}],"replies":[{"embeddable":true,"href":"https:\/\/www.ufsm.br\/unidades-universitarias\/politecnico\/wp-json\/wp\/v2\/comments?post=1560"}],"version-history":[{"count":0,"href":"https:\/\/www.ufsm.br\/unidades-universitarias\/politecnico\/wp-json\/wp\/v2\/posts\/1560\/revisions"}],"wp:featuredmedia":[{"embeddable":true,"href":"https:\/\/www.ufsm.br\/unidades-universitarias\/politecnico\/wp-json\/wp\/v2\/media\/1559"}],"wp:attachment":[{"href":"https:\/\/www.ufsm.br\/unidades-universitarias\/politecnico\/wp-json\/wp\/v2\/media?parent=1560"}],"wp:term":[{"taxonomy":"category","embeddable":true,"href":"https:\/\/www.ufsm.br\/unidades-universitarias\/politecnico\/wp-json\/wp\/v2\/categories?post=1560"},{"taxonomy":"post_tag","embeddable":true,"href":"https:\/\/www.ufsm.br\/unidades-universitarias\/politecnico\/wp-json\/wp\/v2\/tags?post=1560"}],"curies":[{"name":"wp","href":"https:\/\/api.w.org\/{rel}","templated":true}]}}