{"id":1565,"date":"2017-06-14T14:50:14","date_gmt":"2017-06-14T17:50:14","guid":{"rendered":"https:\/\/www.ufsm.br\/unidades-universitarias\/politecnico\/2017\/06\/14\/curso-tecnico-em-alimentos-promove-minicursos\/"},"modified":"2017-06-14T14:50:14","modified_gmt":"2017-06-14T17:50:14","slug":"curso-tecnico-em-alimentos-promove-minicursos","status":"publish","type":"post","link":"https:\/\/www.ufsm.br\/unidades-universitarias\/politecnico\/2017\/06\/14\/curso-tecnico-em-alimentos-promove-minicursos","title":{"rendered":"Curso T\u00e9cnico em Alimentos promove minicursos"},"content":{"rendered":"<p>Iniciaram, no m\u00eas de maio, os minicursos de derivados l\u00e1cteos, que fazem parte do projeto de extens\u00e3o do curso T\u00e9cnico em Alimentos do Col\u00e9gio Polit\u00e9cnico da UFSM. Al\u00e9m de divulgar o curso, os minicursos tamb\u00e9m t\u00eam a finalidade de promover uma integra\u00e7\u00e3o e troca de experi\u00eancias entre os discentes e a comunidade.<\/p>\n<p>Os minicursos s\u00e3o realizados todas as quartas-feiras, com in\u00edcio \u00e0s 13h30min e dura\u00e7\u00e3o de 4 horas, onde s\u00e3o elaborados diversos derivados l\u00e1cteos, tais como: queijos, iogurtes, doce de leite, requeij\u00e3o, frozen yogurt, etc&#8230;<\/p>\n<p>Para o segundo semestre, o projeto de extens\u00e3o, estar\u00e1 ofertando os minicursos de derivados c\u00e1rneos.<\/p>\n<p>Os interessados em participarem dos pr\u00f3ximos cursos, podem obter informa\u00e7\u00f5es pelo telefone (55) 3220-8273 ou na secretaria do Col\u00e9gio Polit\u00e9cnico (Bloco F, sala 323).<\/p>\n<p><img fetchpriority=\"high\" decoding=\"async\" class=\" size-full wp-image-1561\" src=\"https:\/\/www.ufsm.br\/unidades-universitarias\/politecnico\/wp-content\/uploads\/sites\/405\/2017\/06\/1.jpg\" alt=\"1\" width=\"271\" height=\"445\" \/> <img decoding=\"async\" class=\" size-full wp-image-1562\" src=\"https:\/\/www.ufsm.br\/unidades-universitarias\/politecnico\/wp-content\/uploads\/sites\/405\/2017\/06\/3.jpg\" alt=\"3\" width=\"333\" height=\"444\" srcset=\"https:\/\/www.ufsm.br\/app\/uploads\/sites\/405\/2017\/06\/3.jpg 429w, https:\/\/www.ufsm.br\/app\/uploads\/sites\/405\/2017\/06\/3-225x300.jpg 225w\" sizes=\"(max-width: 333px) 100vw, 333px\" \/><\/p>\n<p><img decoding=\"async\" class=\" size-full wp-image-1563\" src=\"https:\/\/www.ufsm.br\/unidades-universitarias\/politecnico\/wp-content\/uploads\/sites\/405\/2017\/06\/2.jpg\" alt=\"2\" width=\"375\" height=\"219\" srcset=\"https:\/\/www.ufsm.br\/app\/uploads\/sites\/405\/2017\/06\/2.jpg 776w, https:\/\/www.ufsm.br\/app\/uploads\/sites\/405\/2017\/06\/2-300x175.jpg 300w, https:\/\/www.ufsm.br\/app\/uploads\/sites\/405\/2017\/06\/2-768x448.jpg 768w\" sizes=\"(max-width: 375px) 100vw, 375px\" \/> <img loading=\"lazy\" decoding=\"async\" class=\" size-full wp-image-1564\" src=\"https:\/\/www.ufsm.br\/unidades-universitarias\/politecnico\/wp-content\/uploads\/sites\/405\/2017\/06\/4.jpg\" alt=\"4\" width=\"452\" height=\"220\" srcset=\"https:\/\/www.ufsm.br\/app\/uploads\/sites\/405\/2017\/06\/4.jpg 743w, https:\/\/www.ufsm.br\/app\/uploads\/sites\/405\/2017\/06\/4-300x146.jpg 300w\" sizes=\"(max-width: 452px) 100vw, 452px\" \/><\/p>\n<p>&nbsp;&nbsp;&nbsp; &nbsp; &nbsp; &nbsp; &nbsp; &nbsp; &nbsp; &nbsp; &nbsp;&nbsp;&nbsp;<\/p>\n","protected":false},"excerpt":{"rendered":"<p>Iniciaram, no m\u00eas de maio, os minicursos de derivados l\u00e1cteos, que fazem parte do projeto de extens\u00e3o do curso T\u00e9cnico em Alimentos do Col\u00e9gio Polit\u00e9cnico da UFSM. Al\u00e9m de divulgar o curso, os minicursos tamb\u00e9m t\u00eam a finalidade de promover uma integra\u00e7\u00e3o e troca de experi\u00eancias entre os discentes e a comunidade. Os minicursos s\u00e3o [&hellip;]<\/p>\n","protected":false},"author":25,"featured_media":1561,"comment_status":"closed","ping_status":"closed","sticky":false,"template":"","format":"standard","meta":{"footnotes":""},"categories":[17],"tags":[],"class_list":["post-1565","post","type-post","status-publish","format-standard","has-post-thumbnail","hentry","category-noticias"],"acf":[],"_links":{"self":[{"href":"https:\/\/www.ufsm.br\/unidades-universitarias\/politecnico\/wp-json\/wp\/v2\/posts\/1565","targetHints":{"allow":["GET"]}}],"collection":[{"href":"https:\/\/www.ufsm.br\/unidades-universitarias\/politecnico\/wp-json\/wp\/v2\/posts"}],"about":[{"href":"https:\/\/www.ufsm.br\/unidades-universitarias\/politecnico\/wp-json\/wp\/v2\/types\/post"}],"author":[{"embeddable":true,"href":"https:\/\/www.ufsm.br\/unidades-universitarias\/politecnico\/wp-json\/wp\/v2\/users\/25"}],"replies":[{"embeddable":true,"href":"https:\/\/www.ufsm.br\/unidades-universitarias\/politecnico\/wp-json\/wp\/v2\/comments?post=1565"}],"version-history":[{"count":0,"href":"https:\/\/www.ufsm.br\/unidades-universitarias\/politecnico\/wp-json\/wp\/v2\/posts\/1565\/revisions"}],"wp:featuredmedia":[{"embeddable":true,"href":"https:\/\/www.ufsm.br\/unidades-universitarias\/politecnico\/wp-json\/wp\/v2\/media\/1561"}],"wp:attachment":[{"href":"https:\/\/www.ufsm.br\/unidades-universitarias\/politecnico\/wp-json\/wp\/v2\/media?parent=1565"}],"wp:term":[{"taxonomy":"category","embeddable":true,"href":"https:\/\/www.ufsm.br\/unidades-universitarias\/politecnico\/wp-json\/wp\/v2\/categories?post=1565"},{"taxonomy":"post_tag","embeddable":true,"href":"https:\/\/www.ufsm.br\/unidades-universitarias\/politecnico\/wp-json\/wp\/v2\/tags?post=1565"}],"curies":[{"name":"wp","href":"https:\/\/api.w.org\/{rel}","templated":true}]}}